{"id":3346,"date":"2021-09-09T21:01:53","date_gmt":"2021-09-10T00:01:53","guid":{"rendered":"https:\/\/museunacionalvive.org.br\/minidoc-registers-the-protection-of-artistic-and-historical-elements-of-the-museu-nacional-ufrj\/"},"modified":"2021-12-01T10:40:01","modified_gmt":"2021-12-01T13:40:01","slug":"minidoc-registers-the-protection-of-artistic-and-historical-elements-of-the-museu-nacional-ufrj","status":"publish","type":"post","link":"https:\/\/museunacionalvive.org.br\/en\/minidoc-registers-the-protection-of-artistic-and-historical-elements-of-the-museu-nacional-ufrj\/","title":{"rendered":"MINIDOC REGISTERS THE PROTECTION OF ARTISTIC AND HISTORICAL ELEMENTS OF THE MUSEU NACIONAL\/UFRJ"},"content":{"rendered":"\n<p>The third and final mini-documentary about the cleaning and protection of artistic and historical ornaments oft the Museu Nacional\/UFRJ is now on air. The video highlights the highly specialized and meticulous work carried out in 29 environments in <strong>Pa\u00e7o de S\u00e3o Crist\u00f3v\u00e3o <\/strong> and in <strong>Jardim das Princesas<\/strong>. <\/p>\n\n\n\n<p>The services also resulted in the production of <strong>45 molds for sculptural ornaments <\/strong>and <strong>75 models <\/strong> for the reproduction of<strong> friezes, crown molding, cymbals and moldings<\/strong>. <strong>Garden fountains<\/strong>, <strong>garlands<\/strong>,<strong> benches <\/strong>and <strong>thrones <\/strong> are also protected! Now, Pa\u00e7o de S\u00e3o Crist\u00f3v\u00e3o is ready to receive the restoration work on its facades and roofs. Check out: <\/p>\n\n\n\n<figure class=\"wp-block-embed is-type-rich is-provider-embed-handler wp-block-embed-embed-handler wp-embed-aspect-16-9 wp-has-aspect-ratio\"><div class=\"wp-block-embed__wrapper\">\n<iframe loading=\"lazy\" title=\"Prote\u00e7\u00e3o de elementos art\u00edsticos e hist\u00f3ricos do Museu Nacional\/UFRJ\" width=\"500\" height=\"281\" src=\"https:\/\/www.youtube.com\/embed\/eFRfF_6HgnM?feature=oembed\" frameborder=\"0\" allow=\"accelerometer; autoplay; clipboard-write; encrypted-media; gyroscope; picture-in-picture\" allowfullscreen><\/iframe>\n<\/div><\/figure>\n\n\n\n<p>The cleaning and protection of ornaments were carried out by Construtora Biap\u00f3, winner of a public bid coordinated by UNESCO in Brazil. The products generated will serve as subsidies for the development of architectural, restoration and complementary projects. See images and learn more <strong><a rel=\"noreferrer noopener\" href=\"https:\/\/museunacionalvive.org.br\/protecao-de-elementos-historicos-e-artisticos\/\" target=\"_blank\">HERE<\/a><\/strong><\/p>\n\n\n\n<p>This is another initiative of the Museu Nacional Vive Project, a technical cooperation between UFRJ, UNESCO and Instituto Cultural Vale. The Project has platinum sponsorship from BNDES (Brazilian Development Bank), Bradesco and Vale; support from the Ministry of Education (MEC), Federal Bench of Rio de Janeiro, Legislative Assembly of the State of Rio de Janeiro (Alerj) and the Federal Government, by means of the Culture Incentive Law.<\/p>\n\n\n\n<p>&#8212;<\/p>\n\n\n\n<p><strong>Credits (3rd minidoc about protection of ornaments of Museu Nacional\/UFRJ):<\/strong> <\/p>\n\n\n\n<p>Image capture, editing and finishing: Felipe Cohen<br>Editing and finishing: Gabriel Cortes<br>Screenplay: Tiago Montenegro<br>Production: Fabiana Lima<br>Music: Capricho by Raphael (Hamilton from Holland, Andr\u00e9 Vasconcellos and Thiago da Serrinha) <\/p>\n\n\n\n<p><\/p>\n","protected":false},"excerpt":{"rendered":"<p>The third and final mini-documentary about the cleaning and protection of artistic and historical ornaments oft the Museu Nacional\/UFRJ is now on air. The video highlights the highly specialized and meticulous work carried out in 29 environments in Pa\u00e7o de S\u00e3o Crist\u00f3v\u00e3o and in Jardim das Princesas. The services also resulted in the production of [&hellip;]<\/p>\n","protected":false},"author":1,"featured_media":3205,"comment_status":"open","ping_status":"open","sticky":false,"template":"","format":"standard","meta":[],"categories":[57,18],"tags":[51,54,55,50,46,52,53],"acf":[],"_links":{"self":[{"href":"https:\/\/museunacionalvive.org.br\/en\/wp-json\/wp\/v2\/posts\/3346"}],"collection":[{"href":"https:\/\/museunacionalvive.org.br\/en\/wp-json\/wp\/v2\/posts"}],"about":[{"href":"https:\/\/museunacionalvive.org.br\/en\/wp-json\/wp\/v2\/types\/post"}],"author":[{"embeddable":true,"href":"https:\/\/museunacionalvive.org.br\/en\/wp-json\/wp\/v2\/users\/1"}],"replies":[{"embeddable":true,"href":"https:\/\/museunacionalvive.org.br\/en\/wp-json\/wp\/v2\/comments?post=3346"}],"version-history":[{"count":4,"href":"https:\/\/museunacionalvive.org.br\/en\/wp-json\/wp\/v2\/posts\/3346\/revisions"}],"predecessor-version":[{"id":3541,"href":"https:\/\/museunacionalvive.org.br\/en\/wp-json\/wp\/v2\/posts\/3346\/revisions\/3541"}],"wp:featuredmedia":[{"embeddable":true,"href":"https:\/\/museunacionalvive.org.br\/en\/wp-json\/wp\/v2\/media\/3205"}],"wp:attachment":[{"href":"https:\/\/museunacionalvive.org.br\/en\/wp-json\/wp\/v2\/media?parent=3346"}],"wp:term":[{"taxonomy":"category","embeddable":true,"href":"https:\/\/museunacionalvive.org.br\/en\/wp-json\/wp\/v2\/categories?post=3346"},{"taxonomy":"post_tag","embeddable":true,"href":"https:\/\/museunacionalvive.org.br\/en\/wp-json\/wp\/v2\/tags?post=3346"}],"curies":[{"name":"wp","href":"https:\/\/api.w.org\/{rel}","templated":true}]}}