{"id":3355,"date":"2021-02-25T21:53:58","date_gmt":"2021-02-26T00:53:58","guid":{"rendered":"https:\/\/museunacionalvive.org.br\/artistical-elements-protection-starts\/"},"modified":"2021-11-23T15:40:09","modified_gmt":"2021-11-23T18:40:09","slug":"artistical-elements-protection-starts","status":"publish","type":"post","link":"https:\/\/museunacionalvive.org.br\/en\/artistical-elements-protection-starts\/","title":{"rendered":"ARTISTICAL ELEMENTS PROTECTION STARTS"},"content":{"rendered":"\n<h2><\/h2>\n\n<p>Ornamental and artistic elements of Jardim das Princesas and Pa\u00e7o de S\u00e3o Crist\u00f3v\u00e3o, National Museum\u2019s headquarters, withstood the 2018 fire. In order to sanitize and prepare them for the phase of works on the facades and roofs of the palace, the Museu Nacional Vive Project started to preserve and protect these integrated assets. <\/p>\n\n<figure class=\"wp-block-image size-large is-resized\"><img loading=\"lazy\" src=\"https:\/\/museunacionalvive.org.br\/wp-content\/uploads\/2021\/02\/sanitize_copia-de-20181127_115007-tratadas.jpg_230221-013333.jpg\" alt=\"\" class=\"wp-image-1454\" width=\"580\" height=\"434\" srcset=\"https:\/\/museunacionalvive.org.br\/wp-content\/uploads\/2021\/02\/sanitize_copia-de-20181127_115007-tratadas.jpg_230221-013333.jpg 827w, https:\/\/museunacionalvive.org.br\/wp-content\/uploads\/2021\/02\/sanitize_copia-de-20181127_115007-tratadas.jpg_230221-013333-300x225.jpg 300w, https:\/\/museunacionalvive.org.br\/wp-content\/uploads\/2021\/02\/sanitize_copia-de-20181127_115007-tratadas.jpg_230221-013333-768x576.jpg 768w\" sizes=\"(max-width: 580px) 100vw, 580px\" \/><figcaption><em>Medallion detail in the inner courtyard of the Palace<\/em><\/figcaption><\/figure>\n\n<p>Ornaments from historical rooms in the Pa\u00e7o, such as the <strong>Throne Room<\/strong>; the <strong>monumental marble staircase<\/strong> and the famous Bendeg\u00f3 meteorite are some of the elements that will receive the services in this stage, in addition to<strong> floors <\/strong>and <strong>mural <\/strong><strong>paintings<\/strong><strong>.<\/strong> The interventions reaffirm the commitment of the Museu Nacional Vive Project to respect and preserve the history of the monument-building, a Brazilian heritage listed by IPHAN.<\/p>\n\n<figure class=\"wp-block-image size-large\"><img loading=\"lazy\" width=\"591\" height=\"380\" src=\"https:\/\/museunacionalvive.org.br\/wp-content\/uploads\/2021\/02\/sanitize_copia-de-sala-28-h.jpg_230221-013606.jpg\" alt=\"\" class=\"wp-image-1462\" srcset=\"https:\/\/museunacionalvive.org.br\/wp-content\/uploads\/2021\/02\/sanitize_copia-de-sala-28-h.jpg_230221-013606.jpg 591w, https:\/\/museunacionalvive.org.br\/wp-content\/uploads\/2021\/02\/sanitize_copia-de-sala-28-h.jpg_230221-013606-300x193.jpg 300w\" sizes=\"(max-width: 591px) 100vw, 591px\" \/><figcaption><em>Panel in second floor room<\/em><\/figcaption><\/figure>\n\n<p><em><em>Click on the images and see other elements that will be protected:<\/em><\/em><\/p>\n\n<div class=\"wp-block-columns\">\n<div class=\"wp-block-column\" style=\"flex-basis:100%\"><div id=\"galeria-bloco\" class=\"galeria-carrosel\">\n            <div class=\"row mx-0\">\n                            <div class='gallery-item col-12 col-sm-4 col-md-3 col-lg-2 my-3'>\n                    <div style='background-image: url(\"https:\/\/museunacionalvive.org.br\/wp-content\/uploads\/2021\/02\/sanitize_elemento-decorativo-de-coluna-no-primeiro-pavimento.jpg_260221-045709-850x1024.jpg\")'><\/div>\n                    <img class=\"img-fluid\"\n                        data-caption = \"Elemento decorativo em coluna no primeiro pavimento\" \n                        data-bp=\"https:\/\/museunacionalvive.org.br\/wp-content\/uploads\/2021\/02\/sanitize_elemento-decorativo-de-coluna-no-primeiro-pavimento.jpg_260221-045709-850x1024.jpg\" \n                        src=\"https:\/\/museunacionalvive.org.br\/wp-content\/uploads\/2021\/02\/sanitize_elemento-decorativo-de-coluna-no-primeiro-pavimento.jpg_260221-045709-850x1024.jpg\" \n                        alt=\"\" \/>\n                <\/div>\n                            <div class='gallery-item col-12 col-sm-4 col-md-3 col-lg-2 my-3'>\n                    <div style='background-image: url(\"https:\/\/museunacionalvive.org.br\/wp-content\/uploads\/2021\/02\/sanitize_mureta-de-ornamentacao-da-fachada.jpg_260221-045713.jpg\")'><\/div>\n                    <img class=\"img-fluid\"\n                        data-caption = \"Ornamenta\u00e7\u00e3o no topo da alvenaria da escada principal (platibanda)\" \n                        data-bp=\"https:\/\/museunacionalvive.org.br\/wp-content\/uploads\/2021\/02\/sanitize_mureta-de-ornamentacao-da-fachada.jpg_260221-045713.jpg\" \n                        src=\"https:\/\/museunacionalvive.org.br\/wp-content\/uploads\/2021\/02\/sanitize_mureta-de-ornamentacao-da-fachada.jpg_260221-045713.jpg\" \n                        alt=\"\" \/>\n                <\/div>\n                            <div class='gallery-item col-12 col-sm-4 col-md-3 col-lg-2 my-3'>\n                    <div style='background-image: url(\"https:\/\/museunacionalvive.org.br\/wp-content\/uploads\/2021\/02\/sanitize_ornamentacao-aplicada-no-segundo-pavimento.jpg_260221-045714.jpg\")'><\/div>\n                    <img class=\"img-fluid\"\n                        data-caption = \"Ornamenta\u00e7\u00e3o aplicada no segundo pavimento\" \n                        data-bp=\"https:\/\/museunacionalvive.org.br\/wp-content\/uploads\/2021\/02\/sanitize_ornamentacao-aplicada-no-segundo-pavimento.jpg_260221-045714.jpg\" \n                        src=\"https:\/\/museunacionalvive.org.br\/wp-content\/uploads\/2021\/02\/sanitize_ornamentacao-aplicada-no-segundo-pavimento.jpg_260221-045714.jpg\" \n                        alt=\"\" \/>\n                <\/div>\n                            <div class='gallery-item col-12 col-sm-4 col-md-3 col-lg-2 my-3'>\n                    <div style='background-image: url(\"https:\/\/museunacionalvive.org.br\/wp-content\/uploads\/2021\/02\/sanitize_pintura-stencil-no-salao-nobre-do-paco.jpg_260221-045715.jpg\")'><\/div>\n                    <img class=\"img-fluid\"\n                        data-caption = \"Pintura stencil no sal\u00e3o nobre do Pa\u00e7o\" \n                        data-bp=\"https:\/\/museunacionalvive.org.br\/wp-content\/uploads\/2021\/02\/sanitize_pintura-stencil-no-salao-nobre-do-paco.jpg_260221-045715.jpg\" \n                        src=\"https:\/\/museunacionalvive.org.br\/wp-content\/uploads\/2021\/02\/sanitize_pintura-stencil-no-salao-nobre-do-paco.jpg_260221-045715.jpg\" \n                        alt=\"\" \/>\n                <\/div>\n                    <\/div>\n    <\/div>\n\n\n<p><\/p>\n<\/div>\n<\/div>\n\n<p>The work, which remains until July 2021, will also reach the gneiss <strong>fonts <\/strong>and embossed <strong>garlands<\/strong>; <strong>benches<\/strong>and thrones; <strong>shell<\/strong><strong>mosaics and fragments<\/strong> of <strong>crockery<\/strong>from the Jardim das Princesas. Of great historical value, it is believed that it was Empress Teresa Cristina, for being Italian, who introduced the Romanesque<em>inlay technique<\/em> on the integrated assets of the Jardim das Princesas, which consists of inserting shells and pieces of crockery into fresh plaster. The technique would have been passed on to his daughters, who adorned the fountain, thrones, benches and garlands. One of the thrones even has Princess Isabel\u2019s six-year birthday: <em>July 29, 1852<\/em>.<\/p>\n\n<figure class=\"wp-block-image size-large\"><img loading=\"lazy\" width=\"1024\" height=\"683\" src=\"https:\/\/museunacionalvive.org.br\/wp-content\/uploads\/2021\/02\/sanitize_fonte-principal-no-jardim-das-princesas.jpg_260221-045951-1024x683.jpg\" alt=\"\" class=\"wp-image-1557\" srcset=\"https:\/\/museunacionalvive.org.br\/wp-content\/uploads\/2021\/02\/sanitize_fonte-principal-no-jardim-das-princesas.jpg_260221-045951-1024x683.jpg 1024w, https:\/\/museunacionalvive.org.br\/wp-content\/uploads\/2021\/02\/sanitize_fonte-principal-no-jardim-das-princesas.jpg_260221-045951-300x200.jpg 300w, https:\/\/museunacionalvive.org.br\/wp-content\/uploads\/2021\/02\/sanitize_fonte-principal-no-jardim-das-princesas.jpg_260221-045951-768x512.jpg 768w, https:\/\/museunacionalvive.org.br\/wp-content\/uploads\/2021\/02\/sanitize_fonte-principal-no-jardim-das-princesas.jpg_260221-045951-1536x1024.jpg 1536w, https:\/\/museunacionalvive.org.br\/wp-content\/uploads\/2021\/02\/sanitize_fonte-principal-no-jardim-das-princesas.jpg_260221-045951-2048x1365.jpg 2048w\" sizes=\"(max-width: 1024px) 100vw, 1024px\" \/><figcaption><em>Main fountain in Jardim das Princesas<\/em><\/figcaption><\/figure>\n\n<p><em><em><em>Click on the images and see other elements of Jardim das Princesas:<\/em><\/em><\/em><\/p>\n<div id=\"galeria-bloco\" class=\"galeria-carrosel\">\n    <\/div>\n<div class=\"wp-block-columns\">\n<div class=\"wp-block-column\" style=\"flex-basis:100%\"><div id=\"galeria-bloco\" class=\"galeria-carrosel\">\n            <div class=\"row mx-0\">\n                            <div class='gallery-item col-12 col-sm-4 col-md-3 col-lg-2 my-3'>\n                    <div style='background-image: url(\"https:\/\/museunacionalvive.org.br\/wp-content\/uploads\/2021\/02\/sanitize_trono-no-jardim-das-princesas.jpg_260221-050143-683x1024.jpg\")'><\/div>\n                    <img class=\"img-fluid\"\n                        data-caption = \"Trono no Jardim das Princesas\" \n                        data-bp=\"https:\/\/museunacionalvive.org.br\/wp-content\/uploads\/2021\/02\/sanitize_trono-no-jardim-das-princesas.jpg_260221-050143-683x1024.jpg\" \n                        src=\"https:\/\/museunacionalvive.org.br\/wp-content\/uploads\/2021\/02\/sanitize_trono-no-jardim-das-princesas.jpg_260221-050143-683x1024.jpg\" \n                        alt=\"\" \/>\n                <\/div>\n                            <div class='gallery-item col-12 col-sm-4 col-md-3 col-lg-2 my-3'>\n                    <div style='background-image: url(\"https:\/\/museunacionalvive.org.br\/wp-content\/uploads\/2021\/02\/sanitize_fonte-menor-no-jardim-nas-princesas.jpg_260221-050013-1024x683.jpg\")'><\/div>\n                    <img class=\"img-fluid\"\n                        data-caption = \"Trono com inscri\u00e7\u00e3o da data do anivers\u00e1rio de seis anos da Princesa Isabel\" \n                        data-bp=\"https:\/\/museunacionalvive.org.br\/wp-content\/uploads\/2021\/02\/sanitize_fonte-menor-no-jardim-nas-princesas.jpg_260221-050013-1024x683.jpg\" \n                        src=\"https:\/\/museunacionalvive.org.br\/wp-content\/uploads\/2021\/02\/sanitize_fonte-menor-no-jardim-nas-princesas.jpg_260221-050013-1024x683.jpg\" \n                        alt=\"\" \/>\n                <\/div>\n                            <div class='gallery-item col-12 col-sm-4 col-md-3 col-lg-2 my-3'>\n                    <div style='background-image: url(\"https:\/\/museunacionalvive.org.br\/wp-content\/uploads\/2021\/02\/sanitize_guirlandas-ornamentadas-com-cacos-de-loucas-e-conchas-no-jardim-das-princesas.jpg_260221-050040-1024x683.jpg\")'><\/div>\n                    <img class=\"img-fluid\"\n                        data-caption = \"Wreaths decorated with broken crockery and shells in Jardim das Princesas\" \n                        data-bp=\"https:\/\/museunacionalvive.org.br\/wp-content\/uploads\/2021\/02\/sanitize_guirlandas-ornamentadas-com-cacos-de-loucas-e-conchas-no-jardim-das-princesas.jpg_260221-050040-1024x683.jpg\" \n                        src=\"https:\/\/museunacionalvive.org.br\/wp-content\/uploads\/2021\/02\/sanitize_guirlandas-ornamentadas-com-cacos-de-loucas-e-conchas-no-jardim-das-princesas.jpg_260221-050040-1024x683.jpg\" \n                        alt=\"\" \/>\n                <\/div>\n                    <\/div>\n    <\/div><\/div>\n<\/div>\n\n<p><strong>SERVICE<\/strong><br \/><strong><em>Sanitization and protection of the integrated assets of the Pa\u00e7o de S\u00e3o Crist\u00f3v\u00e3o and Jardim das Princesas. <\/em><\/strong><br \/><strong><em><br \/><\/em>Service provision time<\/strong>: February to July 2021 <br \/><strong>Contracting <\/strong>:Company United Nations Educational, Scientific and Cultural Organization (UNESCO), within the scope of the Museu Nacional Vive Project<br \/><strong>Project<\/strong>: Velatura <br \/><strong>Provision of the service<\/strong>: Construtora Biap\u00f3 <br \/><strong>Amount of the service<\/strong>: R$ 1.781.302,15 <\/p>\n\n<figure class=\"wp-block-image size-large\"><img loading=\"lazy\" width=\"848\" height=\"789\" src=\"https:\/\/museunacionalvive.org.br\/wp-content\/uploads\/2021\/02\/sanitize_placa-da-obra-bens-integrados-mn_creditos-jorge-campana.jpeg_020321-074904.jpeg\" alt=\"\" class=\"wp-image-1567\" srcset=\"https:\/\/museunacionalvive.org.br\/wp-content\/uploads\/2021\/02\/sanitize_placa-da-obra-bens-integrados-mn_creditos-jorge-campana.jpeg_020321-074904.jpeg 848w, https:\/\/museunacionalvive.org.br\/wp-content\/uploads\/2021\/02\/sanitize_placa-da-obra-bens-integrados-mn_creditos-jorge-campana.jpeg_020321-074904-300x279.jpeg 300w, https:\/\/museunacionalvive.org.br\/wp-content\/uploads\/2021\/02\/sanitize_placa-da-obra-bens-integrados-mn_creditos-jorge-campana.jpeg_020321-074904-768x715.jpeg 768w\" sizes=\"(max-width: 848px) 100vw, 848px\" \/><figcaption><em>Work sign installed at Quinta da Boa Vista (Credits: Jorge Campana)<\/em><\/figcaption><\/figure>\n\n<p><br \/>Construtora Biap\u00f3, winner of a specific bid for the development of this work, has been operating since 1994 in the area of restoration of historical heritage and has accumulated very successful experiences. Among them, the conservation work at the Pampulha Church (Belo Horizonte \u2013 MG), designed by Oscar Niemeyer, with tile panels by C\u00e2ndido Portinari; and the restoration of the main facades of the historical block of Pa\u00e7o de S\u00e3o Crist\u00f3v\u00e3o in 2008, when the yellow color of the imperial period was restored. The company is also characterized by promoting educational and sociocultural activities combined with restoration actions, involving the closest communities.<\/p>\n\n<div class=\"wp-block-columns\">\n<div class=\"wp-block-column\" style=\"flex-basis:100%\"><div id=\"galeria-bloco\" class=\"galeria-carrosel\">\n            <div class=\"row mx-0\">\n                            <div class='gallery-item col-12 col-sm-4 col-md-3 col-lg-2 my-3'>\n                    <div style='background-image: url(\"https:\/\/museunacionalvive.org.br\/wp-content\/uploads\/2021\/02\/sanitize_trabalhadores_montagem-de-andaimes_creditos-jorge-campana.jpg_020321-074931-768x1024.jpg\")'><\/div>\n                    <img class=\"img-fluid\"\n                        data-caption = \"Workers assembling the scaffolding structure (credits: Jorge Campana)\" \n                        data-bp=\"https:\/\/museunacionalvive.org.br\/wp-content\/uploads\/2021\/02\/sanitize_trabalhadores_montagem-de-andaimes_creditos-jorge-campana.jpg_020321-074931-768x1024.jpg\" \n                        src=\"https:\/\/museunacionalvive.org.br\/wp-content\/uploads\/2021\/02\/sanitize_trabalhadores_montagem-de-andaimes_creditos-jorge-campana.jpg_020321-074931-768x1024.jpg\" \n                        alt=\"\" \/>\n                <\/div>\n                            <div class='gallery-item col-12 col-sm-4 col-md-3 col-lg-2 my-3'>\n                    <div style='background-image: url(\"https:\/\/museunacionalvive.org.br\/wp-content\/uploads\/2021\/02\/sanitize_trabalhadores-na-montagem-da-estrutura-de-andaimes.jpeg_020321-074926-1024x473.jpeg\")'><\/div>\n                    <img class=\"img-fluid\"\n                        data-caption = \"Workers assembling the scaffolding structure\" \n                        data-bp=\"https:\/\/museunacionalvive.org.br\/wp-content\/uploads\/2021\/02\/sanitize_trabalhadores-na-montagem-da-estrutura-de-andaimes.jpeg_020321-074926-1024x473.jpeg\" \n                        src=\"https:\/\/museunacionalvive.org.br\/wp-content\/uploads\/2021\/02\/sanitize_trabalhadores-na-montagem-da-estrutura-de-andaimes.jpeg_020321-074926-1024x473.jpeg\" \n                        alt=\"\" \/>\n                <\/div>\n                            <div class='gallery-item col-12 col-sm-4 col-md-3 col-lg-2 my-3'>\n                    <div style='background-image: url(\"https:\/\/museunacionalvive.org.br\/wp-content\/uploads\/2021\/02\/sanitize_conteiner.jpeg_260221-095410-1024x766.jpeg\")'><\/div>\n                    <img class=\"img-fluid\"\n                        data-caption = \"Cont\u00eaineres de apoio aos trabalhos j\u00e1 est\u00e3o instalados\" \n                        data-bp=\"https:\/\/museunacionalvive.org.br\/wp-content\/uploads\/2021\/02\/sanitize_conteiner.jpeg_260221-095410-1024x766.jpeg\" \n                        src=\"https:\/\/museunacionalvive.org.br\/wp-content\/uploads\/2021\/02\/sanitize_conteiner.jpeg_260221-095410-1024x766.jpeg\" \n                        alt=\"\" \/>\n                <\/div>\n                    <\/div>\n    <\/div><\/div>\n<\/div>\n<p><strong><u data-rich-text-format-boundary=\"true\">MUSEU NACIONAL VIVE PROJECT<\/u><\/strong><\/p>\n\n<p><strong>Museu Nacional Vive<\/strong> Project is the result of technical cooperation established between the Federal University of Rio de Janeiro (<strong>UFRJ<\/strong>), United Nations Educational, Scientific and Cultural Organization (<strong>UNESCO<\/strong>) and <strong>Vale Cultural Institute<\/strong>.<\/p>\n\n<p>With platinum sponsorship from <strong>BNDES<\/strong>, <strong>Bradesco<\/strong>and <strong>Vale<\/strong>; support from the Ministry of Education (<strong>MEC<\/strong>), Federal Bench of Rio de Janeiro, Legislative Assembly of the State of Rio de Janeiro (<strong>Alerj<\/strong>) and the Federal Government, by means of the Culture Incentive Law, the Project bets on social mobilization and permanent articulation of partnerships to rebuild and return the National Museum\/UFRJ to society as soon as possible.<\/p>\n\n<p>The Project is guided by the principles of transparency and participation, and counts on the partnership of institutions such as the Friends of the National Museum Association (<strong>SAMN<\/strong>).<\/p>\n","protected":false},"excerpt":{"rendered":"<p>Pa\u00e7o de S\u00e3o Crist\u00f3v\u00e3o and Jardim das Princesas receive services<\/p>\n","protected":false},"author":1,"featured_media":1559,"comment_status":"open","ping_status":"open","sticky":false,"template":"","format":"standard","meta":[],"categories":[57,49],"tags":[],"acf":[],"_links":{"self":[{"href":"https:\/\/museunacionalvive.org.br\/en\/wp-json\/wp\/v2\/posts\/3355"}],"collection":[{"href":"https:\/\/museunacionalvive.org.br\/en\/wp-json\/wp\/v2\/posts"}],"about":[{"href":"https:\/\/museunacionalvive.org.br\/en\/wp-json\/wp\/v2\/types\/post"}],"author":[{"embeddable":true,"href":"https:\/\/museunacionalvive.org.br\/en\/wp-json\/wp\/v2\/users\/1"}],"replies":[{"embeddable":true,"href":"https:\/\/museunacionalvive.org.br\/en\/wp-json\/wp\/v2\/comments?post=3355"}],"version-history":[{"count":4,"href":"https:\/\/museunacionalvive.org.br\/en\/wp-json\/wp\/v2\/posts\/3355\/revisions"}],"predecessor-version":[{"id":3522,"href":"https:\/\/museunacionalvive.org.br\/en\/wp-json\/wp\/v2\/posts\/3355\/revisions\/3522"}],"wp:featuredmedia":[{"embeddable":true,"href":"https:\/\/museunacionalvive.org.br\/en\/wp-json\/wp\/v2\/media\/1559"}],"wp:attachment":[{"href":"https:\/\/museunacionalvive.org.br\/en\/wp-json\/wp\/v2\/media?parent=3355"}],"wp:term":[{"taxonomy":"category","embeddable":true,"href":"https:\/\/museunacionalvive.org.br\/en\/wp-json\/wp\/v2\/categories?post=3355"},{"taxonomy":"post_tag","embeddable":true,"href":"https:\/\/museunacionalvive.org.br\/en\/wp-json\/wp\/v2\/tags?post=3355"}],"curies":[{"name":"wp","href":"https:\/\/api.w.org\/{rel}","templated":true}]}}