{"id":3470,"date":"2021-09-02T10:02:57","date_gmt":"2021-09-02T13:02:57","guid":{"rendered":"https:\/\/museunacionalvive.org.br\/historic-and-artistic-elements-have-been-protected\/"},"modified":"2021-11-23T16:24:22","modified_gmt":"2021-11-23T19:24:22","slug":"historic-and-artistic-elements-have-been-protected","status":"publish","type":"post","link":"https:\/\/museunacionalvive.org.br\/en\/historic-and-artistic-elements-have-been-protected\/","title":{"rendered":"Historic and artistic elements have been protected"},"content":{"rendered":"\n<h2>Restoration work reached the Princesses Garden and 29 historic rooms of the Palace<\/h2>\n\n\n\n<p>The Museu Nacional\/UFRJ reconstruction is advancing with the essential work about to be finalized: cleaning and protecting decorative and artistic elements that resisted the fire. Now that the decorative elements are protected, the Palace S\u00e3o Cristov\u00e3o is ready to receive the facade and cover restoration.<\/p>\n\n\n\n<p>Six months of specialized work, involving 50 professionals, including consultants, architects, and restores, who dedicated their work to conserving the decorative elements of the Palace historical rooms: from the monuments marble stairs; the floors and mural paintings; the giant meteorite ever found in Brazil the \u201cBendeg\u00f3.\u201d Fountains, benches, and thrones located in other areas, and the Princesses Garden will be restored.<\/p>\n\n\n<div id=\"galeria-bloco\" class=\"galeria-carrosel\">\n            <div class=\"row mx-0\">\n                            <div class='gallery-item col-12 col-sm-4 col-md-3 col-lg-2 my-3'>\n                    <div style='background-image: url(\"https:\/\/museunacionalvive.org.br\/wp-content\/uploads\/2021\/09\/sanitize_fonte-no-jardim-das-princesas-higienizada-e-protegida_creditos-diogo-vasconcellos-mn.jpg_020921-014807-1024x683.jpg\")'><\/div>\n                    <img class=\"img-fluid\"\n                        data-caption = \"Fonte no Jardim das Princesas higienizada e protegida_cr\u00e9ditos Diogo Vasconcellos MN\" \n                        data-bp=\"https:\/\/museunacionalvive.org.br\/wp-content\/uploads\/2021\/09\/sanitize_fonte-no-jardim-das-princesas-higienizada-e-protegida_creditos-diogo-vasconcellos-mn.jpg_020921-014807-1024x683.jpg\" \n                        src=\"https:\/\/museunacionalvive.org.br\/wp-content\/uploads\/2021\/09\/sanitize_fonte-no-jardim-das-princesas-higienizada-e-protegida_creditos-diogo-vasconcellos-mn.jpg_020921-014807-1024x683.jpg\" \n                        alt=\"\" \/>\n                <\/div>\n                            <div class='gallery-item col-12 col-sm-4 col-md-3 col-lg-2 my-3'>\n                    <div style='background-image: url(\"https:\/\/museunacionalvive.org.br\/wp-content\/uploads\/2021\/09\/sanitize_alguns-moldes-produzidos_divulgacao.jpg_020921-014539-1024x461.jpg\")'><\/div>\n                    <img class=\"img-fluid\"\n                        data-caption = \"Alguns moldes produzidos_Divulga\u00e7\u00e3o\" \n                        data-bp=\"https:\/\/museunacionalvive.org.br\/wp-content\/uploads\/2021\/09\/sanitize_alguns-moldes-produzidos_divulgacao.jpg_020921-014539-1024x461.jpg\" \n                        src=\"https:\/\/museunacionalvive.org.br\/wp-content\/uploads\/2021\/09\/sanitize_alguns-moldes-produzidos_divulgacao.jpg_020921-014539-1024x461.jpg\" \n                        alt=\"\" \/>\n                <\/div>\n                            <div class='gallery-item col-12 col-sm-4 col-md-3 col-lg-2 my-3'>\n                    <div style='background-image: url(\"https:\/\/museunacionalvive.org.br\/wp-content\/uploads\/2021\/09\/sanitize_bendego-protegido_creditos-diogo-vasconcellos-mn.png_020921-014608-1024x683.png\")'><\/div>\n                    <img class=\"img-fluid\"\n                        data-caption = \"Bendeg\u00f3 protegido_cr\u00e9ditos Diogo Vasconcellos MN\" \n                        data-bp=\"https:\/\/museunacionalvive.org.br\/wp-content\/uploads\/2021\/09\/sanitize_bendego-protegido_creditos-diogo-vasconcellos-mn.png_020921-014608-1024x683.png\" \n                        src=\"https:\/\/museunacionalvive.org.br\/wp-content\/uploads\/2021\/09\/sanitize_bendego-protegido_creditos-diogo-vasconcellos-mn.png_020921-014608-1024x683.png\" \n                        alt=\"\" \/>\n                <\/div>\n                            <div class='gallery-item col-12 col-sm-4 col-md-3 col-lg-2 my-3'>\n                    <div style='background-image: url(\"https:\/\/museunacionalvive.org.br\/wp-content\/uploads\/2021\/09\/sanitize_catalogacao-de-itens_creditos-moises-pimentel-ufrj.jpeg_020921-014624-1024x682.jpeg\")'><\/div>\n                    <img class=\"img-fluid\"\n                        data-caption = \"Cataloga\u00e7\u00e3o de itens_Cr\u00e9ditos Diogo Vasconcellos MN\" \n                        data-bp=\"https:\/\/museunacionalvive.org.br\/wp-content\/uploads\/2021\/09\/sanitize_catalogacao-de-itens_creditos-moises-pimentel-ufrj.jpeg_020921-014624-1024x682.jpeg\" \n                        src=\"https:\/\/museunacionalvive.org.br\/wp-content\/uploads\/2021\/09\/sanitize_catalogacao-de-itens_creditos-moises-pimentel-ufrj.jpeg_020921-014624-1024x682.jpeg\" \n                        alt=\"\" \/>\n                <\/div>\n                            <div class='gallery-item col-12 col-sm-4 col-md-3 col-lg-2 my-3'>\n                    <div style='background-image: url(\"https:\/\/museunacionalvive.org.br\/wp-content\/uploads\/2021\/09\/sanitize_detalhe-de-protecao-da-escadaria_creditos-diogo-vasconcellos-mn.jpg_020921-014635-1024x683.jpg\")'><\/div>\n                    <img class=\"img-fluid\"\n                        data-caption = \"Detalhe de prote\u00e7\u00e3o da escadaria_cr\u00e9ditos Diogo Vasconcellos MN\" \n                        data-bp=\"https:\/\/museunacionalvive.org.br\/wp-content\/uploads\/2021\/09\/sanitize_detalhe-de-protecao-da-escadaria_creditos-diogo-vasconcellos-mn.jpg_020921-014635-1024x683.jpg\" \n                        src=\"https:\/\/museunacionalvive.org.br\/wp-content\/uploads\/2021\/09\/sanitize_detalhe-de-protecao-da-escadaria_creditos-diogo-vasconcellos-mn.jpg_020921-014635-1024x683.jpg\" \n                        alt=\"\" \/>\n                <\/div>\n                            <div class='gallery-item col-12 col-sm-4 col-md-3 col-lg-2 my-3'>\n                    <div style='background-image: url(\"https:\/\/museunacionalvive.org.br\/wp-content\/uploads\/2021\/09\/sanitize_detalhe-de-protecao-de-pinturas-murais.jpg_020921-014649-1024x683.jpg\")'><\/div>\n                    <img class=\"img-fluid\"\n                        data-caption = \"Detalhe de prote\u00e7\u00e3o de pinturas murais_cr\u00e9ditos Diogo Vasconcellos MN\" \n                        data-bp=\"https:\/\/museunacionalvive.org.br\/wp-content\/uploads\/2021\/09\/sanitize_detalhe-de-protecao-de-pinturas-murais.jpg_020921-014649-1024x683.jpg\" \n                        src=\"https:\/\/museunacionalvive.org.br\/wp-content\/uploads\/2021\/09\/sanitize_detalhe-de-protecao-de-pinturas-murais.jpg_020921-014649-1024x683.jpg\" \n                        alt=\"\" \/>\n                <\/div>\n                            <div class='gallery-item col-12 col-sm-4 col-md-3 col-lg-2 my-3'>\n                    <div style='background-image: url(\"https:\/\/museunacionalvive.org.br\/wp-content\/uploads\/2021\/09\/sanitize_escadaria-monumental-protegida_creditos-diogo-vasconcellos-mn.jpg_020921-014705-1024x683.jpg\")'><\/div>\n                    <img class=\"img-fluid\"\n                        data-caption = \"Escadaria monumental protegida_cr\u00e9ditos Diogo Vasconcellos MN\" \n                        data-bp=\"https:\/\/museunacionalvive.org.br\/wp-content\/uploads\/2021\/09\/sanitize_escadaria-monumental-protegida_creditos-diogo-vasconcellos-mn.jpg_020921-014705-1024x683.jpg\" \n                        src=\"https:\/\/museunacionalvive.org.br\/wp-content\/uploads\/2021\/09\/sanitize_escadaria-monumental-protegida_creditos-diogo-vasconcellos-mn.jpg_020921-014705-1024x683.jpg\" \n                        alt=\"\" \/>\n                <\/div>\n                            <div class='gallery-item col-12 col-sm-4 col-md-3 col-lg-2 my-3'>\n                    <div style='background-image: url(\"https:\/\/museunacionalvive.org.br\/wp-content\/uploads\/2021\/09\/sanitize_feitura-de-moldes-2_divulgacao.jpg_020921-014737-1024x461.jpg\")'><\/div>\n                    <img class=\"img-fluid\"\n                        data-caption = \"Feitura de moldes _Divulga\u00e7\u00e3o\" \n                        data-bp=\"https:\/\/museunacionalvive.org.br\/wp-content\/uploads\/2021\/09\/sanitize_feitura-de-moldes-2_divulgacao.jpg_020921-014737-1024x461.jpg\" \n                        src=\"https:\/\/museunacionalvive.org.br\/wp-content\/uploads\/2021\/09\/sanitize_feitura-de-moldes-2_divulgacao.jpg_020921-014737-1024x461.jpg\" \n                        alt=\"\" \/>\n                <\/div>\n                            <div class='gallery-item col-12 col-sm-4 col-md-3 col-lg-2 my-3'>\n                    <div style='background-image: url(\"https:\/\/museunacionalvive.org.br\/wp-content\/uploads\/2021\/09\/sanitize_feitura-de-moldes_divulgacao.jpg_020921-014748-1024x461.jpg\")'><\/div>\n                    <img class=\"img-fluid\"\n                        data-caption = \"Feitura de moldes_Divulga\u00e7\u00e3o\" \n                        data-bp=\"https:\/\/museunacionalvive.org.br\/wp-content\/uploads\/2021\/09\/sanitize_feitura-de-moldes_divulgacao.jpg_020921-014748-1024x461.jpg\" \n                        src=\"https:\/\/museunacionalvive.org.br\/wp-content\/uploads\/2021\/09\/sanitize_feitura-de-moldes_divulgacao.jpg_020921-014748-1024x461.jpg\" \n                        alt=\"\" \/>\n                <\/div>\n                            <div class='gallery-item col-12 col-sm-4 col-md-3 col-lg-2 my-3'>\n                    <div style='background-image: url(\"https:\/\/museunacionalvive.org.br\/wp-content\/uploads\/2021\/09\/sanitize_jardim-das-princesas-higienizado-e-protegido-2_creditos-diogo-vasconcellos-mn.jpg_020921-014830-1024x683.jpg\")'><\/div>\n                    <img class=\"img-fluid\"\n                        data-caption = \"Jardim das Princesas higienizado e protegido 2_cr\u00e9ditos Diogo Vasconcellos MN\" \n                        data-bp=\"https:\/\/museunacionalvive.org.br\/wp-content\/uploads\/2021\/09\/sanitize_jardim-das-princesas-higienizado-e-protegido-2_creditos-diogo-vasconcellos-mn.jpg_020921-014830-1024x683.jpg\" \n                        src=\"https:\/\/museunacionalvive.org.br\/wp-content\/uploads\/2021\/09\/sanitize_jardim-das-princesas-higienizado-e-protegido-2_creditos-diogo-vasconcellos-mn.jpg_020921-014830-1024x683.jpg\" \n                        alt=\"\" \/>\n                <\/div>\n                            <div class='gallery-item col-12 col-sm-4 col-md-3 col-lg-2 my-3'>\n                    <div style='background-image: url(\"https:\/\/museunacionalvive.org.br\/wp-content\/uploads\/2021\/09\/sanitize_jardim-das-princesas-higienizado-e-protegido_creditos-diogo-vasconcellos-mn.jpg_020921-014852-1024x683.jpg\")'><\/div>\n                    <img class=\"img-fluid\"\n                        data-caption = \"Jardim das Princesas higienizado e protegido_cr\u00e9ditos Diogo Vasconcellos MN\" \n                        data-bp=\"https:\/\/museunacionalvive.org.br\/wp-content\/uploads\/2021\/09\/sanitize_jardim-das-princesas-higienizado-e-protegido_creditos-diogo-vasconcellos-mn.jpg_020921-014852-1024x683.jpg\" \n                        src=\"https:\/\/museunacionalvive.org.br\/wp-content\/uploads\/2021\/09\/sanitize_jardim-das-princesas-higienizado-e-protegido_creditos-diogo-vasconcellos-mn.jpg_020921-014852-1024x683.jpg\" \n                        alt=\"\" \/>\n                <\/div>\n                            <div class='gallery-item col-12 col-sm-4 col-md-3 col-lg-2 my-3'>\n                    <div style='background-image: url(\"https:\/\/museunacionalvive.org.br\/wp-content\/uploads\/2021\/09\/sanitize_piso-de-ladrilho-hidraulico-protegido_creditos-diogo-vasconcellos-mn.jpg_020921-014945-1024x683.jpg\")'><\/div>\n                    <img class=\"img-fluid\"\n                        data-caption = \"Piso de ladrilho hidr\u00e1ulico protegido_cr\u00e9ditos Diogo Vasconcellos MN\" \n                        data-bp=\"https:\/\/museunacionalvive.org.br\/wp-content\/uploads\/2021\/09\/sanitize_piso-de-ladrilho-hidraulico-protegido_creditos-diogo-vasconcellos-mn.jpg_020921-014945-1024x683.jpg\" \n                        src=\"https:\/\/museunacionalvive.org.br\/wp-content\/uploads\/2021\/09\/sanitize_piso-de-ladrilho-hidraulico-protegido_creditos-diogo-vasconcellos-mn.jpg_020921-014945-1024x683.jpg\" \n                        alt=\"\" \/>\n                <\/div>\n                    <\/div>\n    <\/div>\n\n\n<p>The Constructor Company Biap\u00f3, which executed the project after the bidding coordinated by UNESCO, has done <strong>45 decorative elements casting<\/strong>, <strong>75 models<\/strong>to reproduce <strong>crown moldings, friezes and frames<\/strong> of <strong>29 Palace spaces<\/strong>. The generated products will enable the development of architectural restoration and other projects.<\/p>\n\n\n\n<p>\u201cThe actions to protect the artistic and historical elements were oriented by several specialists in the areas of restoration and conservation, reaffirming the project commitment to the Historical monument and its surrounding, heritage of the Brazilian society of unevaluable science and worldwide culture. UNESCO has contributed to the development of bibliographic and iconography research and future preliminary exhibitions. Part of this work is to identify items of interest to integrate the exhibitions circuits, commented <strong>Marlova Jovchelovitch Noleto<\/strong>, director and Representative of UNESCO in Brazil. The team dedicated to supporting the Museum has an exhibition management assistant and a consultant to liaison National and international cooperation for new collections.<\/p>\n\n\n\n<p>UFRJ Rector, <strong>Denise Pires de Carvalho<\/strong>,said that in 2022, crucial deliveries will happen, allowing us to celebrate Brazil\u2019s Biennial Independence as the Museum, the UFRJ, and the whole society deserve. \u201cI thank all partners who are making it possible for the Palace restoration and the New Campus Research and Education to happen. The Museu Nacional lives and is reborn even stronger after protracted crises. The academic community is passionate, resistant, and resilient! The dream we dream together becomes a reality.\u201d<\/p>\n\n\n\n<p>Watch to <strong><a href=\"https:\/\/museunacionalvive.org.br\/videos\/\" target=\"_blank\" rel=\"noreferrer noopener\">videos<\/a><\/strong> about the restoration work<\/p>\n","protected":false},"excerpt":{"rendered":"<p>Restoration work reached the Princesses Garden and 29 Palace spaces<\/p>\n","protected":false},"author":1,"featured_media":3113,"comment_status":"open","ping_status":"open","sticky":false,"template":"","format":"standard","meta":[],"categories":[57,45],"tags":[],"acf":[],"_links":{"self":[{"href":"https:\/\/museunacionalvive.org.br\/en\/wp-json\/wp\/v2\/posts\/3470"}],"collection":[{"href":"https:\/\/museunacionalvive.org.br\/en\/wp-json\/wp\/v2\/posts"}],"about":[{"href":"https:\/\/museunacionalvive.org.br\/en\/wp-json\/wp\/v2\/types\/post"}],"author":[{"embeddable":true,"href":"https:\/\/museunacionalvive.org.br\/en\/wp-json\/wp\/v2\/users\/1"}],"replies":[{"embeddable":true,"href":"https:\/\/museunacionalvive.org.br\/en\/wp-json\/wp\/v2\/comments?post=3470"}],"version-history":[{"count":6,"href":"https:\/\/museunacionalvive.org.br\/en\/wp-json\/wp\/v2\/posts\/3470\/revisions"}],"predecessor-version":[{"id":3531,"href":"https:\/\/museunacionalvive.org.br\/en\/wp-json\/wp\/v2\/posts\/3470\/revisions\/3531"}],"wp:featuredmedia":[{"embeddable":true,"href":"https:\/\/museunacionalvive.org.br\/en\/wp-json\/wp\/v2\/media\/3113"}],"wp:attachment":[{"href":"https:\/\/museunacionalvive.org.br\/en\/wp-json\/wp\/v2\/media?parent=3470"}],"wp:term":[{"taxonomy":"category","embeddable":true,"href":"https:\/\/museunacionalvive.org.br\/en\/wp-json\/wp\/v2\/categories?post=3470"},{"taxonomy":"post_tag","embeddable":true,"href":"https:\/\/museunacionalvive.org.br\/en\/wp-json\/wp\/v2\/tags?post=3470"}],"curies":[{"name":"wp","href":"https:\/\/api.w.org\/{rel}","templated":true}]}}