{"id":3484,"date":"2021-12-01T10:24:00","date_gmt":"2021-12-01T13:24:00","guid":{"rendered":"https:\/\/museunacionalvive.org.br\/recompoe-campaign\/"},"modified":"2021-12-01T10:46:37","modified_gmt":"2021-12-01T13:46:37","slug":"recompoe-campaign","status":"publish","type":"post","link":"https:\/\/museunacionalvive.org.br\/en\/recompoe-campaign\/","title":{"rendered":"Campaign to recompose collections"},"content":{"rendered":"\n<h2>Museum launches campaign to recompose original collections<\/h2>\n\n\n\n<p>After three years from the tragic fire of September 2nd, 2018, The Museu Nacional\/UFRJ\u2019s Direction, the Project Museu Nacional Vive\u2019s Executive Committee (<em>UFRJ, UNESCO, Instituto Cultural Vale<\/em>) launched today, during a press conference, a campaign to reconstitute its collections. It was also presented a \u201cDeclaration of Commitment to Rebuild the Collections of Museu Nacional,\u201d an allusion to the Brazilian Declaration of Independence signed on the same day in 1822 by Empress Leopoldina.<\/p>\n\n\n\n<p>Although this date is marked by a tragedy, the Museum director, <strong>Alexander Kellner<\/strong>, highlights the importance of such initiative. \u201cWe are fully aware that our success depends upon intense national and international collaboration. We need specimens of animals and plants, fossils and minerals, ethnographic, historical, archeological, and many other objects in other to rebuild the lost collections. We are estimating that our new exhibitions will occupy 5.500 m<sup>2<\/sup>, and will need around 10.000 objects, which will be presented in four different exhibition circuits\u201d.<\/p>\n\n\n\n<p>The campaign and the Declaration of Commitment aim to call upon research institutions, different society representative collectivities, collectors from all over the world can come together and help the Museum in this challenging mission to recreate this institution. We are expecting that others can see as us an example to follow.<\/p>\n\n\n\n<figure class=\"wp-block-embed is-type-rich is-provider-embed-handler wp-block-embed-embed-handler wp-embed-aspect-16-9 wp-has-aspect-ratio\"><div class=\"wp-block-embed__wrapper\">\n<iframe loading=\"lazy\" title=\"Declara\u00e7\u00e3o_ Recomposi\u00e7\u00e3o de cole\u00e7\u00f5es do Museu Nacional\/UFRJ_Campanha Recomp\u00f5e\" width=\"500\" height=\"281\" src=\"https:\/\/www.youtube.com\/embed\/E6abt0Ldmfg?feature=oembed\" frameborder=\"0\" allow=\"accelerometer; autoplay; clipboard-write; encrypted-media; gyroscope; picture-in-picture\" allowfullscreen><\/iframe>\n<\/div><\/figure>\n\n\n\n<p>There is a website (<a href=\"www.recompoe.mn.ufrj.br\"><strong>www.recompoe.mn.ufrj.br<\/strong><\/a>) where people can find more details about the campaign. Online people can find testimonies from donors who have already donated to the Museum: the retired Itamaraty diplomat Fernando Cacciatore, who donated 27 Greek-Roman objects; the researcher Wilson Savino and his essential African Ethnographic Collection; the indigenous Tonico Benites, collaborating with the Ethnographic Indigenous Collection; the musician Nando Reis, who donated to the mollusks collection; Museu Nacional\u2019s Professor Jo\u00e3o Pacheco, talking about the Luckesh Collection donated by the Universalmuseum Janneum de Graz, Austria. The new acquisitions are going to integrate the future four exhibitions circuits: Historical (1.000 items), Universe and Life (4.500 items), Cultural Diversity (2.500 items), e Brazilian Environments (2.000 items).<\/p>\n\n\n\n<p>\u201cOur strategy with this campaign is to reaffirm the importance of democratizing knowledge. This Museum has always been a center dedicated to the natural and anthropological. Our vision and aim are to rebuild the Museu Nacional as an innovative, sustainable, and accessible Natural History and Anthropological Museum, valuing the scientific and cultural heritage and as a house of knowledge, permanently welcoming people to study, know better and reflect on our surrounding world and contributing to make it a sustainable and safe place to live while at the same time allowing everyone to dream. said Alexander Kellner.<\/p>\n\n\n\n<p>Different procedures related to collections research, institutional cooperation, transport, and work conservation are being adopted by the Museum and its partners. Moreover, a Safety and Sustainability Workgroup is part of the Project Museu Nacional Vive and is coordinated by Banco Nacional de Desenvolvimento Econ\u00f4mico e Social (BNDES). The workgroup seeks to develop safety and management protocols for the Museum and its collections.<\/p>\n\n\n\n<p>\u201cBNDES has a long-term vision to the cultural institutions. Our scope of work is to help institutions to reinforce their management and governance, therefore promoting sustainability. We are engaging the Museu Nacional and all its partners to discuss models for their future management so that their activities can have adequate financial support, said <strong>J\u00falio Costa Leite<\/strong>, coordinator of Public Management and Socioenvironmental Area at BNDES.<\/p>\n\n\n\n<p><strong>Check out an image gallery with some collections already received by the Museum:<\/strong><\/p>\n\n\n<div id=\"galeria-bloco\" class=\"galeria-carrosel\">\n            <div class=\"row mx-0\">\n                            <div class='gallery-item col-12 col-sm-4 col-md-3 col-lg-2 my-3'>\n                    <div style='background-image: url(\"https:\/\/museunacionalvive.org.br\/wp-content\/uploads\/2021\/09\/sanitize_ceramica-nazca_doador-julio-landman.jpeg_020921-013710.jpeg\")'><\/div>\n                    <img class=\"img-fluid\"\n                        data-caption = \"Cer\u00e2mica Nazca_Doador Julio Landman\" \n                        data-bp=\"https:\/\/museunacionalvive.org.br\/wp-content\/uploads\/2021\/09\/sanitize_ceramica-nazca_doador-julio-landman.jpeg_020921-013710.jpeg\" \n                        src=\"https:\/\/museunacionalvive.org.br\/wp-content\/uploads\/2021\/09\/sanitize_ceramica-nazca_doador-julio-landman.jpeg_020921-013710.jpeg\" \n                        alt=\"\" \/>\n                <\/div>\n                            <div class='gallery-item col-12 col-sm-4 col-md-3 col-lg-2 my-3'>\n                    <div style='background-image: url(\"https:\/\/museunacionalvive.org.br\/wp-content\/uploads\/2021\/09\/sanitize_colecao-etnografica-africada_doador-wilson-savino7.jpeg_020921-013712-485x1024.jpeg\")'><\/div>\n                    <img class=\"img-fluid\"\n                        data-caption = \"Cole\u00e7\u00e3o Etnogr\u00e1fica Africada_Doador Wilson Savino7\" \n                        data-bp=\"https:\/\/museunacionalvive.org.br\/wp-content\/uploads\/2021\/09\/sanitize_colecao-etnografica-africada_doador-wilson-savino7.jpeg_020921-013712-485x1024.jpeg\" \n                        src=\"https:\/\/museunacionalvive.org.br\/wp-content\/uploads\/2021\/09\/sanitize_colecao-etnografica-africada_doador-wilson-savino7.jpeg_020921-013712-485x1024.jpeg\" \n                        alt=\"\" \/>\n                <\/div>\n                            <div class='gallery-item col-12 col-sm-4 col-md-3 col-lg-2 my-3'>\n                    <div style='background-image: url(\"https:\/\/museunacionalvive.org.br\/wp-content\/uploads\/2021\/09\/sanitize_colecao-etnografica-africana_doador-wilson-savino1.jpg_020921-013718-1024x683.jpg\")'><\/div>\n                    <img class=\"img-fluid\"\n                        data-caption = \"Cole\u00e7\u00e3o Etnogr\u00e1fica Africana_Doador Wilson Savino1\" \n                        data-bp=\"https:\/\/museunacionalvive.org.br\/wp-content\/uploads\/2021\/09\/sanitize_colecao-etnografica-africana_doador-wilson-savino1.jpg_020921-013718-1024x683.jpg\" \n                        src=\"https:\/\/museunacionalvive.org.br\/wp-content\/uploads\/2021\/09\/sanitize_colecao-etnografica-africana_doador-wilson-savino1.jpg_020921-013718-1024x683.jpg\" \n                        alt=\"\" \/>\n                <\/div>\n                            <div class='gallery-item col-12 col-sm-4 col-md-3 col-lg-2 my-3'>\n                    <div style='background-image: url(\"https:\/\/museunacionalvive.org.br\/wp-content\/uploads\/2021\/09\/sanitize_colecao-etnografica-africana_doador-wilson-savino2.jpg_020921-013730-683x1024.jpg\")'><\/div>\n                    <img class=\"img-fluid\"\n                        data-caption = \"Cole\u00e7\u00e3o Etnogr\u00e1fica Africana_Doador Wilson Savino2\" \n                        data-bp=\"https:\/\/museunacionalvive.org.br\/wp-content\/uploads\/2021\/09\/sanitize_colecao-etnografica-africana_doador-wilson-savino2.jpg_020921-013730-683x1024.jpg\" \n                        src=\"https:\/\/museunacionalvive.org.br\/wp-content\/uploads\/2021\/09\/sanitize_colecao-etnografica-africana_doador-wilson-savino2.jpg_020921-013730-683x1024.jpg\" \n                        alt=\"\" \/>\n                <\/div>\n                            <div class='gallery-item col-12 col-sm-4 col-md-3 col-lg-2 my-3'>\n                    <div style='background-image: url(\"https:\/\/museunacionalvive.org.br\/wp-content\/uploads\/2021\/09\/sanitize_colecao-etnografica-africana_doador-wilson-savino3.jpg_020921-013740-683x1024.jpg\")'><\/div>\n                    <img class=\"img-fluid\"\n                        data-caption = \"Cole\u00e7\u00e3o Etnogr\u00e1fica Africana_Doador Wilson Savino3\" \n                        data-bp=\"https:\/\/museunacionalvive.org.br\/wp-content\/uploads\/2021\/09\/sanitize_colecao-etnografica-africana_doador-wilson-savino3.jpg_020921-013740-683x1024.jpg\" \n                        src=\"https:\/\/museunacionalvive.org.br\/wp-content\/uploads\/2021\/09\/sanitize_colecao-etnografica-africana_doador-wilson-savino3.jpg_020921-013740-683x1024.jpg\" \n                        alt=\"\" \/>\n                <\/div>\n                            <div class='gallery-item col-12 col-sm-4 col-md-3 col-lg-2 my-3'>\n                    <div style='background-image: url(\"https:\/\/museunacionalvive.org.br\/wp-content\/uploads\/2021\/09\/sanitize_colecao-etnografica-africana_doador-wilson-savino4.jpg_020921-013755-683x1024.jpg\")'><\/div>\n                    <img class=\"img-fluid\"\n                        data-caption = \"Cole\u00e7\u00e3o Etnogr\u00e1fica Africana_Doador Wilson Savino4\" \n                        data-bp=\"https:\/\/museunacionalvive.org.br\/wp-content\/uploads\/2021\/09\/sanitize_colecao-etnografica-africana_doador-wilson-savino4.jpg_020921-013755-683x1024.jpg\" \n                        src=\"https:\/\/museunacionalvive.org.br\/wp-content\/uploads\/2021\/09\/sanitize_colecao-etnografica-africana_doador-wilson-savino4.jpg_020921-013755-683x1024.jpg\" \n                        alt=\"\" \/>\n                <\/div>\n                            <div class='gallery-item col-12 col-sm-4 col-md-3 col-lg-2 my-3'>\n                    <div style='background-image: url(\"https:\/\/museunacionalvive.org.br\/wp-content\/uploads\/2021\/09\/sanitize_colecao-etnografica-africana_doador-wilson-savino5.jpg_020921-013806-683x1024.jpg\")'><\/div>\n                    <img class=\"img-fluid\"\n                        data-caption = \"Cole\u00e7\u00e3o Etnogr\u00e1fica Africana_Doador Wilson Savino5\" \n                        data-bp=\"https:\/\/museunacionalvive.org.br\/wp-content\/uploads\/2021\/09\/sanitize_colecao-etnografica-africana_doador-wilson-savino5.jpg_020921-013806-683x1024.jpg\" \n                        src=\"https:\/\/museunacionalvive.org.br\/wp-content\/uploads\/2021\/09\/sanitize_colecao-etnografica-africana_doador-wilson-savino5.jpg_020921-013806-683x1024.jpg\" \n                        alt=\"\" \/>\n                <\/div>\n                            <div class='gallery-item col-12 col-sm-4 col-md-3 col-lg-2 my-3'>\n                    <div style='background-image: url(\"https:\/\/museunacionalvive.org.br\/wp-content\/uploads\/2021\/09\/sanitize_colecao-etnografica-africana_doador-wilson-savino6.jpeg_020921-013813-1024x485.jpeg\")'><\/div>\n                    <img class=\"img-fluid\"\n                        data-caption = \"Cole\u00e7\u00e3o Etnogr\u00e1fica Africana_Doador Wilson Savino6\" \n                        data-bp=\"https:\/\/museunacionalvive.org.br\/wp-content\/uploads\/2021\/09\/sanitize_colecao-etnografica-africana_doador-wilson-savino6.jpeg_020921-013813-1024x485.jpeg\" \n                        src=\"https:\/\/museunacionalvive.org.br\/wp-content\/uploads\/2021\/09\/sanitize_colecao-etnografica-africana_doador-wilson-savino6.jpeg_020921-013813-1024x485.jpeg\" \n                        alt=\"\" \/>\n                <\/div>\n                            <div class='gallery-item col-12 col-sm-4 col-md-3 col-lg-2 my-3'>\n                    <div style='background-image: url(\"https:\/\/museunacionalvive.org.br\/wp-content\/uploads\/2021\/09\/sanitize_doador-paulo-herkenhoff.jpeg_020921-013815.jpeg\")'><\/div>\n                    <img class=\"img-fluid\"\n                        data-caption = \"Doador Paulo Herkenhoff\" \n                        data-bp=\"https:\/\/museunacionalvive.org.br\/wp-content\/uploads\/2021\/09\/sanitize_doador-paulo-herkenhoff.jpeg_020921-013815.jpeg\" \n                        src=\"https:\/\/museunacionalvive.org.br\/wp-content\/uploads\/2021\/09\/sanitize_doador-paulo-herkenhoff.jpeg_020921-013815.jpeg\" \n                        alt=\"\" \/>\n                <\/div>\n                            <div class='gallery-item col-12 col-sm-4 col-md-3 col-lg-2 my-3'>\n                    <div style='background-image: url(\"https:\/\/museunacionalvive.org.br\/wp-content\/uploads\/2021\/09\/sanitize_esqueleto-leao-marinho-inti_zoologico-de-sao-paulo.jpeg_020921-013818-1024x768.jpeg\")'><\/div>\n                    <img class=\"img-fluid\"\n                        data-caption = \"Esqueleto Le\u00e3o Marinho Inti_Zool\u00f3gico de S\u00e3o Paulo\" \n                        data-bp=\"https:\/\/museunacionalvive.org.br\/wp-content\/uploads\/2021\/09\/sanitize_esqueleto-leao-marinho-inti_zoologico-de-sao-paulo.jpeg_020921-013818-1024x768.jpeg\" \n                        src=\"https:\/\/museunacionalvive.org.br\/wp-content\/uploads\/2021\/09\/sanitize_esqueleto-leao-marinho-inti_zoologico-de-sao-paulo.jpeg_020921-013818-1024x768.jpeg\" \n                        alt=\"\" \/>\n                <\/div>\n                            <div class='gallery-item col-12 col-sm-4 col-md-3 col-lg-2 my-3'>\n                    <div style='background-image: url(\"https:\/\/museunacionalvive.org.br\/wp-content\/uploads\/2021\/09\/sanitize_exsicata-vitoria-regia_doador-luiz-zerbini.jpeg_020921-013820.jpeg\")'><\/div>\n                    <img class=\"img-fluid\"\n                        data-caption = \"Exsicata Vitoria Regia_Doador Luiz Zerbini\" \n                        data-bp=\"https:\/\/museunacionalvive.org.br\/wp-content\/uploads\/2021\/09\/sanitize_exsicata-vitoria-regia_doador-luiz-zerbini.jpeg_020921-013820.jpeg\" \n                        src=\"https:\/\/museunacionalvive.org.br\/wp-content\/uploads\/2021\/09\/sanitize_exsicata-vitoria-regia_doador-luiz-zerbini.jpeg_020921-013820.jpeg\" \n                        alt=\"\" \/>\n                <\/div>\n                            <div class='gallery-item col-12 col-sm-4 col-md-3 col-lg-2 my-3'>\n                    <div style='background-image: url(\"https:\/\/museunacionalvive.org.br\/wp-content\/uploads\/2021\/09\/sanitize_livro_album-de-colonia-portuguesa_org-teofilo-carinhas_doador-real-gabinete-portgues-de-leitura.jpeg_020921-013822-725x1024.jpeg\")'><\/div>\n                    <img class=\"img-fluid\"\n                        data-caption = \"Livro_\u00c1lbum de Col\u00f4nia Portuguesa_Org Te\u00f3filo Carinhas_Doador Real Gabinete Portgu\u00eas de Leitura\" \n                        data-bp=\"https:\/\/museunacionalvive.org.br\/wp-content\/uploads\/2021\/09\/sanitize_livro_album-de-colonia-portuguesa_org-teofilo-carinhas_doador-real-gabinete-portgues-de-leitura.jpeg_020921-013822-725x1024.jpeg\" \n                        src=\"https:\/\/museunacionalvive.org.br\/wp-content\/uploads\/2021\/09\/sanitize_livro_album-de-colonia-portuguesa_org-teofilo-carinhas_doador-real-gabinete-portgues-de-leitura.jpeg_020921-013822-725x1024.jpeg\" \n                        alt=\"\" \/>\n                <\/div>\n                            <div class='gallery-item col-12 col-sm-4 col-md-3 col-lg-2 my-3'>\n                    <div style='background-image: url(\"https:\/\/museunacionalvive.org.br\/wp-content\/uploads\/2021\/09\/sanitize_obras-japonesa_doador-roberto-okinaka.jpeg_020921-013824.jpeg\")'><\/div>\n                    <img class=\"img-fluid\"\n                        data-caption = \"Obras Japonesa_Doador Roberto Okinaka\" \n                        data-bp=\"https:\/\/museunacionalvive.org.br\/wp-content\/uploads\/2021\/09\/sanitize_obras-japonesa_doador-roberto-okinaka.jpeg_020921-013824.jpeg\" \n                        src=\"https:\/\/museunacionalvive.org.br\/wp-content\/uploads\/2021\/09\/sanitize_obras-japonesa_doador-roberto-okinaka.jpeg_020921-013824.jpeg\" \n                        alt=\"\" \/>\n                <\/div>\n                            <div class='gallery-item col-12 col-sm-4 col-md-3 col-lg-2 my-3'>\n                    <div style='background-image: url(\"https:\/\/museunacionalvive.org.br\/wp-content\/uploads\/2021\/09\/sanitize_refresqueira_doador-cicero-amaral.jpeg_020921-013825.jpeg\")'><\/div>\n                    <img class=\"img-fluid\"\n                        data-caption = \"Refresqueira_Doador C\u00edcero Amaral\" \n                        data-bp=\"https:\/\/museunacionalvive.org.br\/wp-content\/uploads\/2021\/09\/sanitize_refresqueira_doador-cicero-amaral.jpeg_020921-013825.jpeg\" \n                        src=\"https:\/\/museunacionalvive.org.br\/wp-content\/uploads\/2021\/09\/sanitize_refresqueira_doador-cicero-amaral.jpeg_020921-013825.jpeg\" \n                        alt=\"\" \/>\n                <\/div>\n                            <div class='gallery-item col-12 col-sm-4 col-md-3 col-lg-2 my-3'>\n                    <div style='background-image: url(\"https:\/\/museunacionalvive.org.br\/wp-content\/uploads\/2021\/09\/sanitize_vestimenta-de-paje_doadora-frances-reynolds-.jpeg_020921-013827.jpeg\")'><\/div>\n                    <img class=\"img-fluid\"\n                        data-caption = \"Vestimenta de Paj\u00e9_Doadora Frances Reynolds\" \n                        data-bp=\"https:\/\/museunacionalvive.org.br\/wp-content\/uploads\/2021\/09\/sanitize_vestimenta-de-paje_doadora-frances-reynolds-.jpeg_020921-013827.jpeg\" \n                        src=\"https:\/\/museunacionalvive.org.br\/wp-content\/uploads\/2021\/09\/sanitize_vestimenta-de-paje_doadora-frances-reynolds-.jpeg_020921-013827.jpeg\" \n                        alt=\"\" \/>\n                <\/div>\n                            <div class='gallery-item col-12 col-sm-4 col-md-3 col-lg-2 my-3'>\n                    <div style='background-image: url(\"https:\/\/museunacionalvive.org.br\/wp-content\/uploads\/2021\/09\/sanitize_esqueleto-leao-marinho-inti_zoologico-de-sao-paulo.jpeg_020921-013614-1024x768.jpeg\")'><\/div>\n                    <img class=\"img-fluid\"\n                        data-caption = \"Esqueleto Le\u00e3o Marinho Inti_Zool\u00f3gico de S\u00e3o Paulo\" \n                        data-bp=\"https:\/\/museunacionalvive.org.br\/wp-content\/uploads\/2021\/09\/sanitize_esqueleto-leao-marinho-inti_zoologico-de-sao-paulo.jpeg_020921-013614-1024x768.jpeg\" \n                        src=\"https:\/\/museunacionalvive.org.br\/wp-content\/uploads\/2021\/09\/sanitize_esqueleto-leao-marinho-inti_zoologico-de-sao-paulo.jpeg_020921-013614-1024x768.jpeg\" \n                        alt=\"\" \/>\n                <\/div>\n                    <\/div>\n    <\/div>\n\n<div id=\"galeria-bloco\" class=\"galeria-carrosel\">\n    <\/div>\n\n\n<p><\/p>\n","protected":false},"excerpt":{"rendered":"<p>Museum launches campaign to recompose original collections<\/p>\n","protected":false},"author":1,"featured_media":3071,"comment_status":"open","ping_status":"open","sticky":false,"template":"","format":"standard","meta":[],"categories":[56,57],"tags":[46,69],"acf":[],"_links":{"self":[{"href":"https:\/\/museunacionalvive.org.br\/en\/wp-json\/wp\/v2\/posts\/3484"}],"collection":[{"href":"https:\/\/museunacionalvive.org.br\/en\/wp-json\/wp\/v2\/posts"}],"about":[{"href":"https:\/\/museunacionalvive.org.br\/en\/wp-json\/wp\/v2\/types\/post"}],"author":[{"embeddable":true,"href":"https:\/\/museunacionalvive.org.br\/en\/wp-json\/wp\/v2\/users\/1"}],"replies":[{"embeddable":true,"href":"https:\/\/museunacionalvive.org.br\/en\/wp-json\/wp\/v2\/comments?post=3484"}],"version-history":[{"count":4,"href":"https:\/\/museunacionalvive.org.br\/en\/wp-json\/wp\/v2\/posts\/3484\/revisions"}],"predecessor-version":[{"id":3498,"href":"https:\/\/museunacionalvive.org.br\/en\/wp-json\/wp\/v2\/posts\/3484\/revisions\/3498"}],"wp:featuredmedia":[{"embeddable":true,"href":"https:\/\/museunacionalvive.org.br\/en\/wp-json\/wp\/v2\/media\/3071"}],"wp:attachment":[{"href":"https:\/\/museunacionalvive.org.br\/en\/wp-json\/wp\/v2\/media?parent=3484"}],"wp:term":[{"taxonomy":"category","embeddable":true,"href":"https:\/\/museunacionalvive.org.br\/en\/wp-json\/wp\/v2\/categories?post=3484"},{"taxonomy":"post_tag","embeddable":true,"href":"https:\/\/museunacionalvive.org.br\/en\/wp-json\/wp\/v2\/tags?post=3484"}],"curies":[{"name":"wp","href":"https:\/\/api.w.org\/{rel}","templated":true}]}}