{"id":3682,"date":"2022-05-18T11:02:10","date_gmt":"2022-05-18T14:02:10","guid":{"rendered":"https:\/\/museunacionalvive.org.br\/project-museu-nacional-vive-launches-video-about-reconstruction-works\/"},"modified":"2022-05-18T11:02:12","modified_gmt":"2022-05-18T14:02:12","slug":"project-museu-nacional-vive-launches-video-about-reconstruction-works","status":"publish","type":"post","link":"https:\/\/museunacionalvive.org.br\/en\/project-museu-nacional-vive-launches-video-about-reconstruction-works\/","title":{"rendered":"Project Museu Nacional Vive launches video about reconstruction works"},"content":{"rendered":"\n<p>In order to celebrate International Museum Day (May 18), Project Museu Nacional Vive launches a video that suggests a tour through the main ongoing works and activities in to return the Museu Nacional\/UFRJ to community!<\/p>\n\n<p>Our project is advancing intensively, with restoration work on the facades and roofs of the Pa\u00e7o de S\u00e3o Crist\u00f3v\u00e3o, restoration of the historic gardens, renovation and expansion of the Central Library and the construction of the Research and Teaching Campus of the Museu Nacional\/UFRJ.<\/p>\n\n<figure class=\"wp-block-embed is-type-rich is-provider-incorporar-manipulador wp-block-embed-incorporar-manipulador wp-embed-aspect-16-9 wp-has-aspect-ratio\"><div class=\"wp-block-embed__wrapper\">\n<iframe loading=\"lazy\" title=\"Passeio pela reconstru\u00e7\u00e3o do Museu Nacional\/UFRJ\" width=\"500\" height=\"281\" src=\"https:\/\/www.youtube.com\/embed\/DW3q_dp5ZXk?feature=oembed\" frameborder=\"0\" allow=\"accelerometer; autoplay; clipboard-write; encrypted-media; gyroscope; picture-in-picture\" allowfullscreen><\/iframe>\n<\/div><\/figure>\n\n<p>Museums are powerful institutions which help us to understand better our world, and build the future. <strong><a href=\"https:\/\/www.gov.br\/museus\/pt-br\/assuntos\/eventos\/20-semana-nacional-de-museus\" target=\"_blank\" rel=\"noreferrer noopener\">20\u00aa Semana Nacional dos Museus<\/a><\/strong>. <\/p>\n","protected":false},"excerpt":{"rendered":"<p>New video presents ongoing works and projects to rebuild the Museu Nacional<\/p>\n","protected":false},"author":1,"featured_media":3672,"comment_status":"open","ping_status":"open","sticky":false,"template":"","format":"standard","meta":[],"categories":[57,45],"tags":[85,46,84,83],"acf":[],"_links":{"self":[{"href":"https:\/\/museunacionalvive.org.br\/en\/wp-json\/wp\/v2\/posts\/3682"}],"collection":[{"href":"https:\/\/museunacionalvive.org.br\/en\/wp-json\/wp\/v2\/posts"}],"about":[{"href":"https:\/\/museunacionalvive.org.br\/en\/wp-json\/wp\/v2\/types\/post"}],"author":[{"embeddable":true,"href":"https:\/\/museunacionalvive.org.br\/en\/wp-json\/wp\/v2\/users\/1"}],"replies":[{"embeddable":true,"href":"https:\/\/museunacionalvive.org.br\/en\/wp-json\/wp\/v2\/comments?post=3682"}],"version-history":[{"count":3,"href":"https:\/\/museunacionalvive.org.br\/en\/wp-json\/wp\/v2\/posts\/3682\/revisions"}],"predecessor-version":[{"id":3685,"href":"https:\/\/museunacionalvive.org.br\/en\/wp-json\/wp\/v2\/posts\/3682\/revisions\/3685"}],"wp:featuredmedia":[{"embeddable":true,"href":"https:\/\/museunacionalvive.org.br\/en\/wp-json\/wp\/v2\/media\/3672"}],"wp:attachment":[{"href":"https:\/\/museunacionalvive.org.br\/en\/wp-json\/wp\/v2\/media?parent=3682"}],"wp:term":[{"taxonomy":"category","embeddable":true,"href":"https:\/\/museunacionalvive.org.br\/en\/wp-json\/wp\/v2\/categories?post=3682"},{"taxonomy":"post_tag","embeddable":true,"href":"https:\/\/museunacionalvive.org.br\/en\/wp-json\/wp\/v2\/tags?post=3682"}],"curies":[{"name":"wp","href":"https:\/\/api.w.org\/{rel}","templated":true}]}}