{"id":4014,"date":"2022-09-04T00:06:52","date_gmt":"2022-09-04T03:06:52","guid":{"rendered":"https:\/\/museunacionalvive.org.br\/main-facade-of-museu-nacional-is-restored\/"},"modified":"2022-09-04T00:06:53","modified_gmt":"2022-09-04T03:06:53","slug":"main-facade-of-museu-nacional-is-restored","status":"publish","type":"post","link":"https:\/\/museunacionalvive.org.br\/en\/main-facade-of-museu-nacional-is-restored\/","title":{"rendered":"Main fa\u00e7ade of Museu Nacional is restored"},"content":{"rendered":"\n<h2>Free programming at the Quinta da Boa Vista celebrates Brazil\u2019s Independence Bicentennial <\/h2>\n\n<p>On September 2nd, another significant moment in Brazilian history takes place at the S\u00e3o Crist\u00f3v\u00e3o Palace, headquarters of the Museu Nacional\/UFRJ. <strong>Its main fa\u00e7ade is fully restored<\/strong>, ready for the celebrations of Brazil\u2019s Independence Bicentennial<\/p>\n\n<p>The monument-building where the Portuguese royal family once resided is currently undergoing a major restoration coordinated by the <strong>Project Museu Nacional Vive<\/strong>  &#8211;  <em>&#8211; a cooperation between the Federal University of Rio de Janeiro (UFRJ), the United Nations Educational, Scientific and Cultural Organization (UNESCO), and the Vale Cultural Institute. It has financial support from BNDES, a platinum sponsorship from Bradesco and Vale, and several governmental agencies.<\/em>.<\/p>\n\n<div class=\"wp-block-image\"><figure class=\"aligncenter size-large\"><img loading=\"lazy\" width=\"1024\" height=\"491\" src=\"https:\/\/museunacionalvive.org.br\/wp-content\/uploads\/2022\/09\/sanitize_fachada-paco-restaurada-1_set22_-foto-felipe-cohen_projeto-mnv.jpg_020922-021148-1024x491.jpg\" alt=\"\" class=\"wp-image-3851\" srcset=\"https:\/\/museunacionalvive.org.br\/wp-content\/uploads\/2022\/09\/sanitize_fachada-paco-restaurada-1_set22_-foto-felipe-cohen_projeto-mnv.jpg_020922-021148-1024x491.jpg 1024w, https:\/\/museunacionalvive.org.br\/wp-content\/uploads\/2022\/09\/sanitize_fachada-paco-restaurada-1_set22_-foto-felipe-cohen_projeto-mnv.jpg_020922-021148-300x144.jpg 300w, https:\/\/museunacionalvive.org.br\/wp-content\/uploads\/2022\/09\/sanitize_fachada-paco-restaurada-1_set22_-foto-felipe-cohen_projeto-mnv.jpg_020922-021148-768x369.jpg 768w, https:\/\/museunacionalvive.org.br\/wp-content\/uploads\/2022\/09\/sanitize_fachada-paco-restaurada-1_set22_-foto-felipe-cohen_projeto-mnv.jpg_020922-021148-1536x737.jpg 1536w, https:\/\/museunacionalvive.org.br\/wp-content\/uploads\/2022\/09\/sanitize_fachada-paco-restaurada-1_set22_-foto-felipe-cohen_projeto-mnv.jpg_020922-021148.jpg 1911w\" sizes=\"(max-width: 1024px) 100vw, 1024px\" \/><figcaption><em>Main fa\u00e7ade of Pa\u00e7o de S\u00e3o Crist\u00f3v\u00e3o is restored Credits: Felipe Cohen\/Projeto MNV<\/em><\/figcaption><\/figure><\/div>\n\n<p>To celebrate this moment within the Brazilian society, the Project will hold this Friday, September 2nd, the <strong>#MuseuNacionalVive no Bicenten\u00e1rio<\/strong> program, with temporary exhibits, educational activities, and free cultural presentations Among the highlights is an exhibition of large minerals, newly incorporated into the collection, occupying the entrance hall of the Palace <em>(Bendeg\u00f3 meteorite room<\/em>). For the first time after the 2018 fire, the public is invited to approach the building and observe \u2013 from its central doors \u2013 a diverse set of rescued minerals and recently purchased items.<\/p>\n\n<div class=\"wp-block-image\"><figure class=\"aligncenter size-large\"><img loading=\"lazy\" width=\"1024\" height=\"683\" src=\"https:\/\/museunacionalvive.org.br\/wp-content\/uploads\/2022\/09\/sanitize_fabio-caffe_reinauguracao-mn-25.jpg_040922-015843-1024x683.jpg\" alt=\"\" class=\"wp-image-4006\" srcset=\"https:\/\/museunacionalvive.org.br\/wp-content\/uploads\/2022\/09\/sanitize_fabio-caffe_reinauguracao-mn-25.jpg_040922-015843-1024x683.jpg 1024w, https:\/\/museunacionalvive.org.br\/wp-content\/uploads\/2022\/09\/sanitize_fabio-caffe_reinauguracao-mn-25.jpg_040922-015843-300x200.jpg 300w, https:\/\/museunacionalvive.org.br\/wp-content\/uploads\/2022\/09\/sanitize_fabio-caffe_reinauguracao-mn-25.jpg_040922-015843-768x512.jpg 768w, https:\/\/museunacionalvive.org.br\/wp-content\/uploads\/2022\/09\/sanitize_fabio-caffe_reinauguracao-mn-25.jpg_040922-015843-1536x1024.jpg 1536w, https:\/\/museunacionalvive.org.br\/wp-content\/uploads\/2022\/09\/sanitize_fabio-caffe_reinauguracao-mn-25.jpg_040922-015843-2048x1365.jpg 2048w\" sizes=\"(max-width: 1024px) 100vw, 1024px\" \/><figcaption><em>Press conference Mari\u00e2ngela Menezes (president of SAMN), Bruno Aranha (director of Productive and Social and Environmental Credit at BNDES), Alexander Kellner, (Director of the Museu Nacional\/UFRJ), Denise Pires de Carvalho (rector of UFRJ, Marlova Noleto (Director and Representative of UNESCO in Brazil) e Flavia Constant (Executiv director of Vale Cultural Institute Vale) | Credits: F\u00e1bio Caff\u00e9. <\/em><\/figcaption><\/figure><\/div>\n\n<p>&#8220;It is emblematic and exciting to welcome the public with free activities to admire the main fa\u00e7ade of this Palace, with its immeasurable relevance to the history of our country. It is also a vital sign that we are on the right track of this great reconstruction and that we will, with a lot of work, partnership, and courage, return to society the first Museum and also the first Brazilian scientific institution &#8220;, celebrates the<strong> rector of UFRJ, Denise Pires de Carvalho.<\/strong><\/p>\n\n<p>Starting in November 2021, after protecting the artistic and historical elements that survived the fire, the restoration work of the Palace&#8217;s facades and roofs follows the National Historical and Artistic Heritage Institute (IPHAN) recommendations for the best conservation practices.<\/p>\n\n<p>&#8220;This is a historic moment. On the Bicentennial of Independence, we can inaugurate a small part of the Museu Nacional, a very important cultural heritage of Brazil and one of the most important postcards of Rio de Janeiro. And only four years after the biggest tragedy in the Brazilian cultural field: the fire that affected the Palace, the headquarters of the first Museum founded in the country. The ocher yellow of the fa\u00e7ade and the green of the doors are the same colors of the imperial period, highlighting the Project&#8217;s commitment to preserving the identity and the architectural trajectory of the Palace, which since the imperial times was considered a place for natural and anthropological sciences&#8221;, says <strong>Alexander Kellner, Director of the Museu Nacional\/UFRJ.<\/strong><\/p>\n\n<p>To restore the front fa\u00e7ade, around <strong>150 professionals<\/strong> (<em>direct labor<\/em>) worked on several work fronts in the last ten months. It was necessary to reinforce masonry, restore window frames, hardware, and railings, and produce <strong>100 new window frames,<\/strong> keeping the original forms that had existed until September 2018 as a reference.<\/p>\n\n<div class=\"wp-block-image\"><figure class=\"aligncenter size-large\"><img loading=\"lazy\" width=\"1024\" height=\"683\" src=\"https:\/\/museunacionalvive.org.br\/wp-content\/uploads\/2022\/09\/sanitize_moises-pimentel_reinauguracao-mn-45.jpg_040922-020505-1024x683.jpg\" alt=\"\" class=\"wp-image-4010\" srcset=\"https:\/\/museunacionalvive.org.br\/wp-content\/uploads\/2022\/09\/sanitize_moises-pimentel_reinauguracao-mn-45.jpg_040922-020505-1024x683.jpg 1024w, https:\/\/museunacionalvive.org.br\/wp-content\/uploads\/2022\/09\/sanitize_moises-pimentel_reinauguracao-mn-45.jpg_040922-020505-300x200.jpg 300w, https:\/\/museunacionalvive.org.br\/wp-content\/uploads\/2022\/09\/sanitize_moises-pimentel_reinauguracao-mn-45.jpg_040922-020505-768x512.jpg 768w, https:\/\/museunacionalvive.org.br\/wp-content\/uploads\/2022\/09\/sanitize_moises-pimentel_reinauguracao-mn-45.jpg_040922-020505-1536x1024.jpg 1536w, https:\/\/museunacionalvive.org.br\/wp-content\/uploads\/2022\/09\/sanitize_moises-pimentel_reinauguracao-mn-45.jpg_040922-020505-2048x1365.jpg 2048w\" sizes=\"(max-width: 1024px) 100vw, 1024px\" \/><figcaption><em>Comunidade interna da UFRJ e parceiros do Projeto celebraram a entrega da fachada e a abertura das exposi\u00e7\u00f5es. Credits: Mois\u00e9s Pimentel\/UFRJ<\/em><\/figcaption><\/figure><\/div>\n\n<p>The <strong>reconstruction of the roof<\/strong> of this historic building is underway. All roof slabs are concrete, and 50% of the metal structure and rafters have already been installed. Services to improve the rainwater collection system and the implementation of the lightning protection system are advancing. <strong>Of the total activities contracted to restore facades and roofs of the Palace&#8217;s historic wing, 70% have already been executed. <\/strong>Including more complex actions, such as the metallic reinforcement of spans, the strengthening of internal masonry, and the concreting of slabs.<\/p>\n<div id=\"galeria-bloco\" class=\"galeria-carrosel\">\n            <div class=\"row mx-0\">\n                            <div class='gallery-item col-12 col-sm-4 col-md-3 col-lg-2 my-3'>\n                    <div style='background-image: url(\"https:\/\/museunacionalvive.org.br\/wp-content\/uploads\/2022\/09\/sanitize_fachada-paco-restaurada-4_set22_-foto-felipe-cohen_projeto-mnv.jpg_020922-021952-1024x576.jpg\")'><\/div>\n                    <img class=\"img-fluid\"\n                        data-caption = \"\" \n                        data-bp=\"https:\/\/museunacionalvive.org.br\/wp-content\/uploads\/2022\/09\/sanitize_fachada-paco-restaurada-4_set22_-foto-felipe-cohen_projeto-mnv.jpg_020922-021952-1024x576.jpg\" \n                        src=\"https:\/\/museunacionalvive.org.br\/wp-content\/uploads\/2022\/09\/sanitize_fachada-paco-restaurada-4_set22_-foto-felipe-cohen_projeto-mnv.jpg_020922-021952-1024x576.jpg\" \n                        alt=\"\" \/>\n                <\/div>\n                            <div class='gallery-item col-12 col-sm-4 col-md-3 col-lg-2 my-3'>\n                    <div style='background-image: url(\"https:\/\/museunacionalvive.org.br\/wp-content\/uploads\/2022\/09\/sanitize_fachada-paco-restaurada-1_set22_-foto-felipe-cohen_projeto-mnv.jpg_020922-021945-1024x576.jpg\")'><\/div>\n                    <img class=\"img-fluid\"\n                        data-caption = \"Credits: Felipe Cohen\/Projeto MNV\" \n                        data-bp=\"https:\/\/museunacionalvive.org.br\/wp-content\/uploads\/2022\/09\/sanitize_fachada-paco-restaurada-1_set22_-foto-felipe-cohen_projeto-mnv.jpg_020922-021945-1024x576.jpg\" \n                        src=\"https:\/\/museunacionalvive.org.br\/wp-content\/uploads\/2022\/09\/sanitize_fachada-paco-restaurada-1_set22_-foto-felipe-cohen_projeto-mnv.jpg_020922-021945-1024x576.jpg\" \n                        alt=\"\" \/>\n                <\/div>\n                            <div class='gallery-item col-12 col-sm-4 col-md-3 col-lg-2 my-3'>\n                    <div style='background-image: url(\"https:\/\/museunacionalvive.org.br\/wp-content\/uploads\/2022\/09\/sanitize_fachada-paco-restaurada-8_set22_-foto-felipe-cohen_projeto-mnv.jpg_020922-022002-1024x576.jpg\")'><\/div>\n                    <img class=\"img-fluid\"\n                        data-caption = \"Credits: Felipe Cohen\/Projeto MNV\" \n                        data-bp=\"https:\/\/museunacionalvive.org.br\/wp-content\/uploads\/2022\/09\/sanitize_fachada-paco-restaurada-8_set22_-foto-felipe-cohen_projeto-mnv.jpg_020922-022002-1024x576.jpg\" \n                        src=\"https:\/\/museunacionalvive.org.br\/wp-content\/uploads\/2022\/09\/sanitize_fachada-paco-restaurada-8_set22_-foto-felipe-cohen_projeto-mnv.jpg_020922-022002-1024x576.jpg\" \n                        alt=\"\" \/>\n                <\/div>\n                            <div class='gallery-item col-12 col-sm-4 col-md-3 col-lg-2 my-3'>\n                    <div style='background-image: url(\"https:\/\/museunacionalvive.org.br\/wp-content\/uploads\/2022\/09\/sanitize_fachada-paco-restaurada-3_set22_-foto-felipe-cohen_projeto-mnv.jpg_020922-021948-1024x576.jpg\")'><\/div>\n                    <img class=\"img-fluid\"\n                        data-caption = \"Credits: Felipe Cohen\/Projeto MNV\" \n                        data-bp=\"https:\/\/museunacionalvive.org.br\/wp-content\/uploads\/2022\/09\/sanitize_fachada-paco-restaurada-3_set22_-foto-felipe-cohen_projeto-mnv.jpg_020922-021948-1024x576.jpg\" \n                        src=\"https:\/\/museunacionalvive.org.br\/wp-content\/uploads\/2022\/09\/sanitize_fachada-paco-restaurada-3_set22_-foto-felipe-cohen_projeto-mnv.jpg_020922-021948-1024x576.jpg\" \n                        alt=\"\" \/>\n                <\/div>\n                            <div class='gallery-item col-12 col-sm-4 col-md-3 col-lg-2 my-3'>\n                    <div style='background-image: url(\"https:\/\/museunacionalvive.org.br\/wp-content\/uploads\/2022\/09\/sanitize_fachada-paco-restaurada-5_set22_-foto-felipe-cohen_projeto-mnv.jpg_020922-021955-1024x576.jpg\")'><\/div>\n                    <img class=\"img-fluid\"\n                        data-caption = \"Credits: Felipe Cohen\/Projeto MNV\" \n                        data-bp=\"https:\/\/museunacionalvive.org.br\/wp-content\/uploads\/2022\/09\/sanitize_fachada-paco-restaurada-5_set22_-foto-felipe-cohen_projeto-mnv.jpg_020922-021955-1024x576.jpg\" \n                        src=\"https:\/\/museunacionalvive.org.br\/wp-content\/uploads\/2022\/09\/sanitize_fachada-paco-restaurada-5_set22_-foto-felipe-cohen_projeto-mnv.jpg_020922-021955-1024x576.jpg\" \n                        alt=\"\" \/>\n                <\/div>\n                            <div class='gallery-item col-12 col-sm-4 col-md-3 col-lg-2 my-3'>\n                    <div style='background-image: url(\"https:\/\/museunacionalvive.org.br\/wp-content\/uploads\/2022\/09\/sanitize_fachada-paco-restaurada-6_set22_-foto-felipe-cohen_projeto-mnv.jpg_020922-021958-1024x576.jpg\")'><\/div>\n                    <img class=\"img-fluid\"\n                        data-caption = \"Credits: Felipe Cohen\/Projeto MNV\" \n                        data-bp=\"https:\/\/museunacionalvive.org.br\/wp-content\/uploads\/2022\/09\/sanitize_fachada-paco-restaurada-6_set22_-foto-felipe-cohen_projeto-mnv.jpg_020922-021958-1024x576.jpg\" \n                        src=\"https:\/\/museunacionalvive.org.br\/wp-content\/uploads\/2022\/09\/sanitize_fachada-paco-restaurada-6_set22_-foto-felipe-cohen_projeto-mnv.jpg_020922-021958-1024x576.jpg\" \n                        alt=\"\" \/>\n                <\/div>\n                            <div class='gallery-item col-12 col-sm-4 col-md-3 col-lg-2 my-3'>\n                    <div style='background-image: url(\"https:\/\/museunacionalvive.org.br\/wp-content\/uploads\/2022\/09\/sanitize_fachada-paco-restaurada-e-jardim_set22_-foto-felipe-cohen_projeto-mnv.jpg_020922-022005-1024x1024.jpg\")'><\/div>\n                    <img class=\"img-fluid\"\n                        data-caption = \"Credits: Felipe Cohen\/Projeto MNV\" \n                        data-bp=\"https:\/\/museunacionalvive.org.br\/wp-content\/uploads\/2022\/09\/sanitize_fachada-paco-restaurada-e-jardim_set22_-foto-felipe-cohen_projeto-mnv.jpg_020922-022005-1024x1024.jpg\" \n                        src=\"https:\/\/museunacionalvive.org.br\/wp-content\/uploads\/2022\/09\/sanitize_fachada-paco-restaurada-e-jardim_set22_-foto-felipe-cohen_projeto-mnv.jpg_020922-022005-1024x1024.jpg\" \n                        alt=\"\" \/>\n                <\/div>\n                            <div class='gallery-item col-12 col-sm-4 col-md-3 col-lg-2 my-3'>\n                    <div style='background-image: url(\"https:\/\/museunacionalvive.org.br\/wp-content\/uploads\/2022\/09\/sanitize_fachada-paco-restaurada_detalhe-2_set22_-foto-felipe-cohen_projeto-mnv.jpg_020922-022009-1024x576.jpg\")'><\/div>\n                    <img class=\"img-fluid\"\n                        data-caption = \"Credits: Felipe Cohen\/Projeto MNV\" \n                        data-bp=\"https:\/\/museunacionalvive.org.br\/wp-content\/uploads\/2022\/09\/sanitize_fachada-paco-restaurada_detalhe-2_set22_-foto-felipe-cohen_projeto-mnv.jpg_020922-022009-1024x576.jpg\" \n                        src=\"https:\/\/museunacionalvive.org.br\/wp-content\/uploads\/2022\/09\/sanitize_fachada-paco-restaurada_detalhe-2_set22_-foto-felipe-cohen_projeto-mnv.jpg_020922-022009-1024x576.jpg\" \n                        alt=\"\" \/>\n                <\/div>\n                            <div class='gallery-item col-12 col-sm-4 col-md-3 col-lg-2 my-3'>\n                    <div style='background-image: url(\"https:\/\/museunacionalvive.org.br\/wp-content\/uploads\/2022\/09\/sanitize_fachada-paco-restaurada_detalhe-replicas-esculturas_set22_-foto-felipe-cohen_projeto-mnv.jpg_020922-022012-1024x576.jpg\")'><\/div>\n                    <img class=\"img-fluid\"\n                        data-caption = \"Credits: Felipe Cohen\/Projeto MNV\" \n                        data-bp=\"https:\/\/museunacionalvive.org.br\/wp-content\/uploads\/2022\/09\/sanitize_fachada-paco-restaurada_detalhe-replicas-esculturas_set22_-foto-felipe-cohen_projeto-mnv.jpg_020922-022012-1024x576.jpg\" \n                        src=\"https:\/\/museunacionalvive.org.br\/wp-content\/uploads\/2022\/09\/sanitize_fachada-paco-restaurada_detalhe-replicas-esculturas_set22_-foto-felipe-cohen_projeto-mnv.jpg_020922-022012-1024x576.jpg\" \n                        alt=\"\" \/>\n                <\/div>\n                            <div class='gallery-item col-12 col-sm-4 col-md-3 col-lg-2 my-3'>\n                    <div style='background-image: url(\"https:\/\/museunacionalvive.org.br\/wp-content\/uploads\/2022\/09\/sanitize_fachada-paco-restaurada_porta-2_set22_-foto-felipe-cohen_projeto-mnv.jpg_020922-022015-1024x1024.jpg\")'><\/div>\n                    <img class=\"img-fluid\"\n                        data-caption = \"Credits: Felipe Cohen\/Projeto MNV\" \n                        data-bp=\"https:\/\/museunacionalvive.org.br\/wp-content\/uploads\/2022\/09\/sanitize_fachada-paco-restaurada_porta-2_set22_-foto-felipe-cohen_projeto-mnv.jpg_020922-022015-1024x1024.jpg\" \n                        src=\"https:\/\/museunacionalvive.org.br\/wp-content\/uploads\/2022\/09\/sanitize_fachada-paco-restaurada_porta-2_set22_-foto-felipe-cohen_projeto-mnv.jpg_020922-022015-1024x1024.jpg\" \n                        alt=\"\" \/>\n                <\/div>\n                            <div class='gallery-item col-12 col-sm-4 col-md-3 col-lg-2 my-3'>\n                    <div style='background-image: url(\"https:\/\/museunacionalvive.org.br\/wp-content\/uploads\/2022\/09\/sanitize_fachada-paco-restaurada_porta_set22_-foto-felipe-cohen_projeto-mnv.jpg_020922-022020-1024x1024.jpg\")'><\/div>\n                    <img class=\"img-fluid\"\n                        data-caption = \"Credits: Felipe Cohen\/Projeto MNV\" \n                        data-bp=\"https:\/\/museunacionalvive.org.br\/wp-content\/uploads\/2022\/09\/sanitize_fachada-paco-restaurada_porta_set22_-foto-felipe-cohen_projeto-mnv.jpg_020922-022020-1024x1024.jpg\" \n                        src=\"https:\/\/museunacionalvive.org.br\/wp-content\/uploads\/2022\/09\/sanitize_fachada-paco-restaurada_porta_set22_-foto-felipe-cohen_projeto-mnv.jpg_020922-022020-1024x1024.jpg\" \n                        alt=\"\" \/>\n                <\/div>\n                    <\/div>\n    <\/div>\n<p>According to the president of the Association of Friends of the Museu Nacional (SAMN), <strong>Mari\u00e2ngela Menezes<\/strong>, &#8220;another very relevant action completed is the restoration of the <strong>Carrara marble centennial sculptures<\/strong> that were at the top of the fa\u00e7ade. The specialized work also resulted in the production of thirty replicas of the statues, which are already at the top of the palace, returning the integrity of this heritage to society. The original sculptures are now part of the collection of historical pieces of the institution. Eight are already available for public appreciation in the Terrace Garden of Quinta da Boa Vista, integrating the programming of the #MuseuNacionalVive no Bicenten\u00e1rio. At the top of the Palace, thirty replicas of the statues are installed, returning the heritage integrity to society.&#8221;<\/p>\n\n<p>&#8220;For UNESCO, this is a remarkable moment in the recovery project of the Museu Nacional\/UFRJ, and it becomes even more remarkable because we are part of the celebrations of the Bicentennial of the Independence of Brazil. The efforts of all partners to make this Project feasible are a concrete response to Brazilian society and the international community, who are eager for the return of Rio de Janeiro and to Brazil&#8217;s historical and cultural heritage. In an unprecedented action, the exhibit of the sculptures in the Terrace Garden will allow the artistic quality of a statuary group that adorned the Palace for centuries to be appreciated, making the iconographic research carried out in its surroundings notorious. The open-air exhibit on the Museu Nacional Vive Project is another action that will bring the public back to the Museum by telling a little about the story of its reconstruction&#8221;, said <strong>Marlova Noleto, Director and Representative of UNESCO in Brazil.<\/strong><\/p>\n\n<div class=\"wp-block-image\"><figure class=\"aligncenter size-large\"><img loading=\"lazy\" width=\"1024\" height=\"576\" src=\"https:\/\/museunacionalvive.org.br\/wp-content\/uploads\/2022\/09\/sanitize_escultura-5.jpg_020922-033728-1024x576.jpg\" alt=\"\" class=\"wp-image-3893\" srcset=\"https:\/\/museunacionalvive.org.br\/wp-content\/uploads\/2022\/09\/sanitize_escultura-5.jpg_020922-033728-1024x576.jpg 1024w, https:\/\/museunacionalvive.org.br\/wp-content\/uploads\/2022\/09\/sanitize_escultura-5.jpg_020922-033728-300x169.jpg 300w, https:\/\/museunacionalvive.org.br\/wp-content\/uploads\/2022\/09\/sanitize_escultura-5.jpg_020922-033728-768x432.jpg 768w, https:\/\/museunacionalvive.org.br\/wp-content\/uploads\/2022\/09\/sanitize_escultura-5.jpg_020922-033728-1536x864.jpg 1536w, https:\/\/museunacionalvive.org.br\/wp-content\/uploads\/2022\/09\/sanitize_escultura-5.jpg_020922-033728.jpg 1920w\" sizes=\"(max-width: 1024px) 100vw, 1024px\" \/><figcaption><em>replicas of the statues are already at the top of the palace Credits: Felipe Cohen\/Projeto MNV<\/em><\/figcaption><\/figure><\/div>\n\n<p>&#8220;Together, we celebrate this historic milestone of the Bicentennial of Independence and the advances in the reconstruction of the Museu Nacional\/UFRJ with the delivery of the fa\u00e7ade. It is a result of intense multidisciplinary work carried out in partnership and strong engagement of the Vale Cultural Institute and other civil society organizations. We hope this will be a great popular party, animated by projects sponsored by other partners and us. People of all ages can make discoveries, learn and have fun at the exhibits&#8221;, celebrates<strong> Hugo Barreto, CEO of the Vale Cultural Institute.<\/strong><\/p>\n\n<p><strong><u>Planning and Sustainability<\/u><\/strong><\/p>\n\n<p>With a total budget of R$23.6 million, the work on the facades and roofs of the historic wing continues until February 2023.<\/p>\n\n<p>&#8220;BNDES is totally committed to the reconstruction of the Museu Nacional\/UFRJ, one of the country&#8217;s most important and symbolic cultural heritage sites In this regard, collaborating with public and private partners, we initially invested R$ 50 million for the necessary infrastructure to be rescued. But we also seek, within the Museu Nacional Vive Project, to present proposals for the Museum to have financial sustainability and administrative efficiency and be able to expand its activities to promote the culture, knowledge, and history of Brazil. As part of the work, we are assisting in structuring the Museu Nacional&#8217;s endowment fund, highlights <strong>Bruno Aranha, director of Productive and Social and Environmental Credit at BNDES<\/strong>.<\/p>\n\n<p>In addition to the constant monitoring of consultants specialized in heritage preservation, all interventions are analyzed and receive technical guidance from the Risk Management, Environmental, Preventive Conservation, and Restoration Working Group of the Museu Nacional Vive Project. The WG brings together experts from institutions such as the International Center for Studies on the Conservation and Restoration of Cultural Property (ICCROM), the Center for the Conservation and Restoration of Cultural Property of the Federal University of Minas Gerais (CECOR), the National Archives and Fiocruz.<\/p>\n\n<p>In the last ten months of work, dozens of professors and university students have already had the opportunity to see the restoration works closely, highlighting the potential that the reconstruction of the Museu Nacional\/UFRJ has to also contribute to the professional and academic training of Brazilians.<br \/><br \/><strong>Get envolved in #MuseuNacionalVive no Bicenten\u00e1rio. More informations are <a href=\"https:\/\/museunacionalvive.org.br\/museunacionalvive-no-bicentenario\/\" target=\"_blank\" rel=\"noreferrer noopener\">HERE<\/a><\/strong><\/p>\n","protected":false},"excerpt":{"rendered":"<p>Free programming at the Quinta da Boa Vista celebrates Brazil\u2019s Independence Bicentennial <\/p>\n","protected":false},"author":1,"featured_media":3859,"comment_status":"open","ping_status":"open","sticky":false,"template":"","format":"standard","meta":[],"categories":[45],"tags":[95,94,67],"acf":[],"_links":{"self":[{"href":"https:\/\/museunacionalvive.org.br\/en\/wp-json\/wp\/v2\/posts\/4014"}],"collection":[{"href":"https:\/\/museunacionalvive.org.br\/en\/wp-json\/wp\/v2\/posts"}],"about":[{"href":"https:\/\/museunacionalvive.org.br\/en\/wp-json\/wp\/v2\/types\/post"}],"author":[{"embeddable":true,"href":"https:\/\/museunacionalvive.org.br\/en\/wp-json\/wp\/v2\/users\/1"}],"replies":[{"embeddable":true,"href":"https:\/\/museunacionalvive.org.br\/en\/wp-json\/wp\/v2\/comments?post=4014"}],"version-history":[{"count":3,"href":"https:\/\/museunacionalvive.org.br\/en\/wp-json\/wp\/v2\/posts\/4014\/revisions"}],"predecessor-version":[{"id":4017,"href":"https:\/\/museunacionalvive.org.br\/en\/wp-json\/wp\/v2\/posts\/4014\/revisions\/4017"}],"wp:featuredmedia":[{"embeddable":true,"href":"https:\/\/museunacionalvive.org.br\/en\/wp-json\/wp\/v2\/media\/3859"}],"wp:attachment":[{"href":"https:\/\/museunacionalvive.org.br\/en\/wp-json\/wp\/v2\/media?parent=4014"}],"wp:term":[{"taxonomy":"category","embeddable":true,"href":"https:\/\/museunacionalvive.org.br\/en\/wp-json\/wp\/v2\/categories?post=4014"},{"taxonomy":"post_tag","embeddable":true,"href":"https:\/\/museunacionalvive.org.br\/en\/wp-json\/wp\/v2\/tags?post=4014"}],"curies":[{"name":"wp","href":"https:\/\/api.w.org\/{rel}","templated":true}]}}