{"id":4018,"date":"2022-09-04T00:51:56","date_gmt":"2022-09-04T03:51:56","guid":{"rendered":"https:\/\/museunacionalvive.org.br\/museunacionalvive-no-bicentenario\/"},"modified":"2022-09-05T17:41:45","modified_gmt":"2022-09-05T20:41:45","slug":"museunacionalvive-no-bicentenario","status":"publish","type":"post","link":"https:\/\/museunacionalvive.org.br\/en\/museunacionalvive-no-bicentenario\/","title":{"rendered":"#MuseuNacionalVive no Bicenten\u00e1rio"},"content":{"rendered":"\n<h2>. <\/h2>\n\n<p>To celebrate this moment within the Brazilian society, the Project will hold the #MuseuNacionalVive no Bicenten\u00e1rio program, with temporary exhibits, educational activities, and free cultural presentations.<\/p>\n\n<p>Starting on Saturday (03\/09), at Quinta da Boa Vista, the <strong>#MuseuNacionalVive no Bicenten\u00e1rio<\/strong> event will take place, with exhibitions, artistic presentations and educational activities. Audiences of all ages are invited to participate of the programming and appreciate the <strong>main fa\u00e7ade of Pa\u00e7o de S\u00e3o Crist\u00f3v\u00e3o<\/strong>, which is entirely restored. In addition to enjoying the <strong>Terrace Garden<\/strong>, revitalized and open to the public again.<\/p>\n\n<figure class=\"wp-block-image size-large\"><img loading=\"lazy\" width=\"819\" height=\"1024\" src=\"https:\/\/museunacionalvive.org.br\/wp-content\/uploads\/2022\/09\/sanitize_mn_programacao_bicentenario_02.png_020922-051728-819x1024.png\" alt=\"\" class=\"wp-image-3919\" srcset=\"https:\/\/museunacionalvive.org.br\/wp-content\/uploads\/2022\/09\/sanitize_mn_programacao_bicentenario_02.png_020922-051728-819x1024.png 819w, https:\/\/museunacionalvive.org.br\/wp-content\/uploads\/2022\/09\/sanitize_mn_programacao_bicentenario_02.png_020922-051728-240x300.png 240w, https:\/\/museunacionalvive.org.br\/wp-content\/uploads\/2022\/09\/sanitize_mn_programacao_bicentenario_02.png_020922-051728-768x960.png 768w, https:\/\/museunacionalvive.org.br\/wp-content\/uploads\/2022\/09\/sanitize_mn_programacao_bicentenario_02.png_020922-051728.png 1080w\" sizes=\"(max-width: 819px) 100vw, 819px\" \/><\/figure>\n\n<h2><strong><u>Minerals Hub<\/u><\/strong><\/h2>\n\n<p>The exhibit <strong>Recompose.Mineralogy<\/strong> presents 17 small and large pieces, which are occupying the entrance hall of the palace (<em>Bendeg\u00f3 meteorite room)<\/em>. For the first time after the fire, the public can approach the building and observe \u2013 from its central doors \u2013 a diverse set of rescued minerals and new items recently acquired and sponsored by Vale, through the Culture Incentive Law.<\/p>\n\n<p>Among the recovered minerals, there is a <strong>quartz<\/strong> that, before the fire, was a brown (smoky) specimen. The heat of the fire turned it colorless. <\/p>\n\n<figure class=\"wp-block-image size-large is-resized\"><img loading=\"lazy\" src=\"https:\/\/museunacionalvive.org.br\/wp-content\/uploads\/2022\/09\/sanitize_quartzo_colagem.jpg_020922-052936-1024x1024.jpg\" alt=\"\" class=\"wp-image-3921\" width=\"840\" height=\"840\" srcset=\"https:\/\/museunacionalvive.org.br\/wp-content\/uploads\/2022\/09\/sanitize_quartzo_colagem.jpg_020922-052936-1024x1024.jpg 1024w, https:\/\/museunacionalvive.org.br\/wp-content\/uploads\/2022\/09\/sanitize_quartzo_colagem.jpg_020922-052936-300x300.jpg 300w, https:\/\/museunacionalvive.org.br\/wp-content\/uploads\/2022\/09\/sanitize_quartzo_colagem.jpg_020922-052936-150x150.jpg 150w, https:\/\/museunacionalvive.org.br\/wp-content\/uploads\/2022\/09\/sanitize_quartzo_colagem.jpg_020922-052936-768x768.jpg 768w, https:\/\/museunacionalvive.org.br\/wp-content\/uploads\/2022\/09\/sanitize_quartzo_colagem.jpg_020922-052936.jpg 1200w\" sizes=\"(max-width: 840px) 100vw, 840px\" \/><figcaption><em>Quartz Before and after the fire<\/em><\/figcaption><\/figure>\n\n<p> Another piece that is available for public appreciation is a <strong>chalcedony<\/strong>. Samples of this mineral, a cryptocrystalline variation of quartz, also resisted the fire, but lost their original color, becoming white and opaque.<\/p>\n\n<figure class=\"wp-block-image size-large\"><img loading=\"lazy\" width=\"1024\" height=\"1024\" src=\"https:\/\/museunacionalvive.org.br\/wp-content\/uploads\/2022\/09\/sanitize_calcedonia_colagem.jpg_020922-053113-1024x1024.jpg\" alt=\"\" class=\"wp-image-3923\" srcset=\"https:\/\/museunacionalvive.org.br\/wp-content\/uploads\/2022\/09\/sanitize_calcedonia_colagem.jpg_020922-053113-1024x1024.jpg 1024w, https:\/\/museunacionalvive.org.br\/wp-content\/uploads\/2022\/09\/sanitize_calcedonia_colagem.jpg_020922-053113-300x300.jpg 300w, https:\/\/museunacionalvive.org.br\/wp-content\/uploads\/2022\/09\/sanitize_calcedonia_colagem.jpg_020922-053113-150x150.jpg 150w, https:\/\/museunacionalvive.org.br\/wp-content\/uploads\/2022\/09\/sanitize_calcedonia_colagem.jpg_020922-053113-768x768.jpg 768w, https:\/\/museunacionalvive.org.br\/wp-content\/uploads\/2022\/09\/sanitize_calcedonia_colagem.jpg_020922-053113.jpg 1200w\" sizes=\"(max-width: 1024px) 100vw, 1024px\" \/><figcaption><em>chalcedony Before and after the fire<\/em><\/figcaption><\/figure>\n\n<p>Among the pieces recently incorporated into the collection, we highlight two a<strong>methyst geodes<\/strong> measuring 2.5 meters, weighing around 500 kg each. And a piece made up of two <strong>sheets of agate<\/strong> <strong>with amethyst<\/strong>, recently donated to the Museum.<\/p>\n<div id=\"galeria-bloco\" class=\"galeria-carrosel\">\n            <div class=\"row mx-0\">\n                            <div class='gallery-item col-12 col-sm-4 col-md-3 col-lg-2 my-3'>\n                    <div style='background-image: url(\"https:\/\/museunacionalvive.org.br\/wp-content\/uploads\/2022\/09\/sanitize_geodos-de-ametista_foto-luke-garcia.jpg_020922-053258-683x1024.jpg\")'><\/div>\n                    <img class=\"img-fluid\"\n                        data-caption = \"Geodos de ametista. Foto: Luke Garcia\" \n                        data-bp=\"https:\/\/museunacionalvive.org.br\/wp-content\/uploads\/2022\/09\/sanitize_geodos-de-ametista_foto-luke-garcia.jpg_020922-053258-683x1024.jpg\" \n                        src=\"https:\/\/museunacionalvive.org.br\/wp-content\/uploads\/2022\/09\/sanitize_geodos-de-ametista_foto-luke-garcia.jpg_020922-053258-683x1024.jpg\" \n                        alt=\"\" \/>\n                <\/div>\n                            <div class='gallery-item col-12 col-sm-4 col-md-3 col-lg-2 my-3'>\n                    <div style='background-image: url(\"https:\/\/museunacionalvive.org.br\/wp-content\/uploads\/2022\/09\/sanitize_geodos-de-ametista_detalhe_foto-luke-garcia.jpg_020922-053247-1024x683.jpg\")'><\/div>\n                    <img class=\"img-fluid\"\n                        data-caption = \"Detalhe do geodo de ametista. Foto: Luke Garcia\" \n                        data-bp=\"https:\/\/museunacionalvive.org.br\/wp-content\/uploads\/2022\/09\/sanitize_geodos-de-ametista_detalhe_foto-luke-garcia.jpg_020922-053247-1024x683.jpg\" \n                        src=\"https:\/\/museunacionalvive.org.br\/wp-content\/uploads\/2022\/09\/sanitize_geodos-de-ametista_detalhe_foto-luke-garcia.jpg_020922-053247-1024x683.jpg\" \n                        alt=\"\" \/>\n                <\/div>\n                            <div class='gallery-item col-12 col-sm-4 col-md-3 col-lg-2 my-3'>\n                    <div style='background-image: url(\"https:\/\/museunacionalvive.org.br\/wp-content\/uploads\/2022\/09\/sanitize_chapas-de-agata-com-ametista_foto-luke-garcia.jpg_020922-053236-1024x683.jpg\")'><\/div>\n                    <img class=\"img-fluid\"\n                        data-caption = \"Chapas de \u00e1gata com ametista. Foto: Luke Garcia\" \n                        data-bp=\"https:\/\/museunacionalvive.org.br\/wp-content\/uploads\/2022\/09\/sanitize_chapas-de-agata-com-ametista_foto-luke-garcia.jpg_020922-053236-1024x683.jpg\" \n                        src=\"https:\/\/museunacionalvive.org.br\/wp-content\/uploads\/2022\/09\/sanitize_chapas-de-agata-com-ametista_foto-luke-garcia.jpg_020922-053236-1024x683.jpg\" \n                        alt=\"\" \/>\n                <\/div>\n                            <div class='gallery-item col-12 col-sm-4 col-md-3 col-lg-2 my-3'>\n                    <div style='background-image: url(\"https:\/\/museunacionalvive.org.br\/wp-content\/uploads\/2022\/09\/sanitize_chapas-de-agata-com-ametista_detalhe_foto-luke-garcia.jpg_020922-053223-683x1024.jpg\")'><\/div>\n                    <img class=\"img-fluid\"\n                        data-caption = \"Detalhe de chapa de \u00e1gata com ametista. Foto: Luke Garcia\" \n                        data-bp=\"https:\/\/museunacionalvive.org.br\/wp-content\/uploads\/2022\/09\/sanitize_chapas-de-agata-com-ametista_detalhe_foto-luke-garcia.jpg_020922-053223-683x1024.jpg\" \n                        src=\"https:\/\/museunacionalvive.org.br\/wp-content\/uploads\/2022\/09\/sanitize_chapas-de-agata-com-ametista_detalhe_foto-luke-garcia.jpg_020922-053223-683x1024.jpg\" \n                        alt=\"\" \/>\n                <\/div>\n                            <div class='gallery-item col-12 col-sm-4 col-md-3 col-lg-2 my-3'>\n                    <div style='background-image: url(\"https:\/\/museunacionalvive.org.br\/wp-content\/uploads\/2022\/09\/sanitize_meteorito-bendego-2_foto-luke-garcia.jpg_020922-053308-926x1024.jpg\")'><\/div>\n                    <img class=\"img-fluid\"\n                        data-caption = \"Meteorito Bendeg\u00f3. foto Luke Garcia\" \n                        data-bp=\"https:\/\/museunacionalvive.org.br\/wp-content\/uploads\/2022\/09\/sanitize_meteorito-bendego-2_foto-luke-garcia.jpg_020922-053308-926x1024.jpg\" \n                        src=\"https:\/\/museunacionalvive.org.br\/wp-content\/uploads\/2022\/09\/sanitize_meteorito-bendego-2_foto-luke-garcia.jpg_020922-053308-926x1024.jpg\" \n                        alt=\"\" \/>\n                <\/div>\n                    <\/div>\n    <\/div>\n<p>At this exhibit, which runs until December 6, the public also has the opportunity to see an iconic piece from the National Museum\/UFRJ, the Be<strong>ndeg\u00f3 meteorite.<\/strong><\/p>\n\n<p><strong>SERVICE<\/strong><br \/>Period: Tuesday to Sunday, from 09\/02 to 12\/06 of 2022.<br \/>Timetable: 9am to 5pm<\/p>\n\n<h2><strong><u>Sculpture Hub<\/u><\/strong><\/h2>\n\n<p>At the Terrace Garden occurs an exhibit with <strong>eight marble scupltures<\/strong> that represents Greek mythology, which used to be at the top of the palace. For the first time in the Museum&#8217;s history, the public can admire from very close the restored sculptures.<\/p>\n\n<figure class=\"wp-block-image size-large is-resized\"><img loading=\"lazy\" src=\"https:\/\/museunacionalvive.org.br\/wp-content\/uploads\/2022\/09\/sanitize_escultura-1.jpg_020922-033307-683x1024.jpg\" alt=\"\" class=\"wp-image-3882\" width=\"683\" height=\"1024\" srcset=\"https:\/\/museunacionalvive.org.br\/wp-content\/uploads\/2022\/09\/sanitize_escultura-1.jpg_020922-033307-683x1024.jpg 683w, https:\/\/museunacionalvive.org.br\/wp-content\/uploads\/2022\/09\/sanitize_escultura-1.jpg_020922-033307-200x300.jpg 200w, https:\/\/museunacionalvive.org.br\/wp-content\/uploads\/2022\/09\/sanitize_escultura-1.jpg_020922-033307-768x1151.jpg 768w, https:\/\/museunacionalvive.org.br\/wp-content\/uploads\/2022\/09\/sanitize_escultura-1.jpg_020922-033307-1025x1536.jpg 1025w, https:\/\/museunacionalvive.org.br\/wp-content\/uploads\/2022\/09\/sanitize_escultura-1.jpg_020922-033307.jpg 1281w\" sizes=\"(max-width: 683px) 100vw, 683px\" \/><\/figure>\n\n<p>The sculptural set of the Museum is formed by 30 centenary pieces, which weigh between 200 and 300 kilos each. The restoration of the pieces also made it possible the production of replicas, which are already replacing the originals at the top of the main facade of the palace.<\/p>\n\n<p><strong>SERVICE<\/strong><br \/>Period: Every day, from 09\/02 to 11\/02 of 2022<br \/>Timetable: 9am to 6pm<\/p>\n\n<h2><strong><u>Memory Hub<\/u><\/strong><\/h2>\n\n<p>Photographs and stories that record the trajectory and relevance of the Museu Nacional\/UFRJ are in the open-air exhibition Museu Nacional Vive.<\/p>\n\n<figure class=\"wp-block-image size-large\"><img loading=\"lazy\" width=\"1024\" height=\"768\" src=\"https:\/\/museunacionalvive.org.br\/wp-content\/uploads\/2022\/09\/sanitize_expo-a-ceu-aberto-museu-nacional-vive-1.jpg_020922-054151-1024x768.jpg\" alt=\"\" class=\"wp-image-3935\" srcset=\"https:\/\/museunacionalvive.org.br\/wp-content\/uploads\/2022\/09\/sanitize_expo-a-ceu-aberto-museu-nacional-vive-1.jpg_020922-054151-1024x768.jpg 1024w, https:\/\/museunacionalvive.org.br\/wp-content\/uploads\/2022\/09\/sanitize_expo-a-ceu-aberto-museu-nacional-vive-1.jpg_020922-054151-300x225.jpg 300w, https:\/\/museunacionalvive.org.br\/wp-content\/uploads\/2022\/09\/sanitize_expo-a-ceu-aberto-museu-nacional-vive-1.jpg_020922-054151-768x576.jpg 768w, https:\/\/museunacionalvive.org.br\/wp-content\/uploads\/2022\/09\/sanitize_expo-a-ceu-aberto-museu-nacional-vive-1.jpg_020922-054151-1536x1152.jpg 1536w, https:\/\/museunacionalvive.org.br\/wp-content\/uploads\/2022\/09\/sanitize_expo-a-ceu-aberto-museu-nacional-vive-1.jpg_020922-054151-2048x1536.jpg 2048w\" sizes=\"(max-width: 1024px) 100vw, 1024px\" \/><\/figure>\n\n<p>Panels installed next to Terrace Garden highlight important moments in the history of the institution, the relationship between the public and the collections, the strength of its scientific activities and the process of rebuilding the Museum after the fire.<\/p>\n\n<p><strong>SERVICE<\/strong><br \/>Period: Every day, from 09\/02\/22 to 02\/26\/23.<br \/>Timetable: 9am to 6pm<\/p>\n\n<h2><strong><u>Cultural Hub<\/u><\/strong><\/h2>\n\n<p><strong>Circus, music, theater and dance<\/strong> are on the schedule of the #MuseuNacionalVive no Bicenten\u00e1rio. The free artistic programming takes place on September 10th and 11th. Confira a programa\u00e7\u00e3o:<\/p>\n\n<p><strong><u>09\/10<\/u><\/strong><\/p>\n\n<p><strong>11am \u2013 Brazilian Symphony Orchestra<\/strong><br \/>Founded in 1940, the Brazilian Symphony Orchestra is considered one of the most important symphonic ensembles in the country. O <strong>Quarteto de Sopros<\/strong> formado por Alexis \u00c2ngulo (flauta), Jorge Postel (obo\u00e9), Marcio Costa (clarineta) e Felipe Dest\u00e9fano (fagote) vai interpretar um programa composto por uma sele\u00e7\u00e3o de choros brasileiros, com arranjo de Jess\u00e9 Sadoc, e \u201cQuatuor\u201d, de Heitor Villa-Lobos. The Orchestra has the Cultural Vale Institute and Bradesco as sponsors.<\/p>\n\n<figure class=\"wp-block-image size-large\"><img loading=\"lazy\" width=\"1024\" height=\"683\" src=\"https:\/\/museunacionalvive.org.br\/wp-content\/uploads\/2022\/09\/sanitize_osb-14.05.2022-foto-marina-andrade-00133.jpg_020922-054309-1024x683.jpg\" alt=\"\" class=\"wp-image-3937\" srcset=\"https:\/\/museunacionalvive.org.br\/wp-content\/uploads\/2022\/09\/sanitize_osb-14.05.2022-foto-marina-andrade-00133.jpg_020922-054309-1024x683.jpg 1024w, https:\/\/museunacionalvive.org.br\/wp-content\/uploads\/2022\/09\/sanitize_osb-14.05.2022-foto-marina-andrade-00133.jpg_020922-054309-300x200.jpg 300w, https:\/\/museunacionalvive.org.br\/wp-content\/uploads\/2022\/09\/sanitize_osb-14.05.2022-foto-marina-andrade-00133.jpg_020922-054309-768x512.jpg 768w, https:\/\/museunacionalvive.org.br\/wp-content\/uploads\/2022\/09\/sanitize_osb-14.05.2022-foto-marina-andrade-00133.jpg_020922-054309-1536x1024.jpg 1536w, https:\/\/museunacionalvive.org.br\/wp-content\/uploads\/2022\/09\/sanitize_osb-14.05.2022-foto-marina-andrade-00133.jpg_020922-054309.jpg 1920w\" sizes=\"(max-width: 1024px) 100vw, 1024px\" \/><figcaption><em>Brazilian Symphony Orchestra Credits: Marina Andrade<\/em><\/figcaption><\/figure>\n\n<p><strong>1pm &#8211; Cia. Ballet Dalal Achcar<\/strong><br \/>The company arrives at Quinta da Boa Vista with <strong>20 dancers performing six classic and modern choreographies<\/strong>, to the sound of renowned Brazilian compositions. . . <em>.<\/em> . .<\/p>\n\n<figure class=\"wp-block-image size-large\"><img loading=\"lazy\" width=\"1024\" height=\"684\" src=\"https:\/\/museunacionalvive.org.br\/wp-content\/uploads\/2022\/09\/sanitize_dalal-3_.jpg_020922-054511-1024x684.jpg\" alt=\"\" class=\"wp-image-3939\" srcset=\"https:\/\/museunacionalvive.org.br\/wp-content\/uploads\/2022\/09\/sanitize_dalal-3_.jpg_020922-054511-1024x684.jpg 1024w, https:\/\/museunacionalvive.org.br\/wp-content\/uploads\/2022\/09\/sanitize_dalal-3_.jpg_020922-054511-300x200.jpg 300w, https:\/\/museunacionalvive.org.br\/wp-content\/uploads\/2022\/09\/sanitize_dalal-3_.jpg_020922-054511-768x513.jpg 768w, https:\/\/museunacionalvive.org.br\/wp-content\/uploads\/2022\/09\/sanitize_dalal-3_.jpg_020922-054511-1536x1025.jpg 1536w, https:\/\/museunacionalvive.org.br\/wp-content\/uploads\/2022\/09\/sanitize_dalal-3_.jpg_020922-054511-2048x1367.jpg 2048w\" sizes=\"(max-width: 1024px) 100vw, 1024px\" \/><figcaption><em>. .<\/em><\/figcaption><\/figure>\n\n<p><strong>3pm \u2013 Unicirco Marcos Frota<\/strong><br \/>. . .<\/p>\n\n<figure class=\"wp-block-image size-large\"><img loading=\"lazy\" width=\"800\" height=\"534\" src=\"https:\/\/museunacionalvive.org.br\/wp-content\/uploads\/2022\/09\/sanitize_unicirco.jpg_020922-054556.jpg\" alt=\"\" class=\"wp-image-3941\" srcset=\"https:\/\/museunacionalvive.org.br\/wp-content\/uploads\/2022\/09\/sanitize_unicirco.jpg_020922-054556.jpg 800w, https:\/\/museunacionalvive.org.br\/wp-content\/uploads\/2022\/09\/sanitize_unicirco.jpg_020922-054556-300x200.jpg 300w, https:\/\/museunacionalvive.org.br\/wp-content\/uploads\/2022\/09\/sanitize_unicirco.jpg_020922-054556-768x513.jpg 768w\" sizes=\"(max-width: 800px) 100vw, 800px\" \/><figcaption><em>.<\/em><\/figcaption><\/figure>\n\n<p><strong><u>09\/11\/2022<\/u><\/strong><\/p>\n\n<p><strong>11am \u2013 Teatro Musical (Grupo Sarau)<\/strong><\/p>\n\n<p><strong>4pm \u2013 New Orchestra<\/strong><br \/>. . . .<br \/><br \/><\/p>\n\n<figure class=\"wp-block-image size-large\"><img loading=\"lazy\" width=\"1024\" height=\"683\" src=\"https:\/\/museunacionalvive.org.br\/wp-content\/uploads\/2022\/09\/sanitize_nova-orquestra-60.jpg_020922-054645-1024x683.jpg\" alt=\"\" class=\"wp-image-3943\" srcset=\"https:\/\/museunacionalvive.org.br\/wp-content\/uploads\/2022\/09\/sanitize_nova-orquestra-60.jpg_020922-054645-1024x683.jpg 1024w, https:\/\/museunacionalvive.org.br\/wp-content\/uploads\/2022\/09\/sanitize_nova-orquestra-60.jpg_020922-054645-300x200.jpg 300w, https:\/\/museunacionalvive.org.br\/wp-content\/uploads\/2022\/09\/sanitize_nova-orquestra-60.jpg_020922-054645-768x512.jpg 768w, https:\/\/museunacionalvive.org.br\/wp-content\/uploads\/2022\/09\/sanitize_nova-orquestra-60.jpg_020922-054645-1536x1024.jpg 1536w, https:\/\/museunacionalvive.org.br\/wp-content\/uploads\/2022\/09\/sanitize_nova-orquestra-60.jpg_020922-054645.jpg 2048w\" sizes=\"(max-width: 1024px) 100vw, 1024px\" \/><figcaption><em>.<\/em><\/figcaption><\/figure>\n\n<h2><strong><u>Educational Hub<\/u><\/strong><\/h2>\n\n<p>.<\/p>\n\n<p>. <strong>.<\/strong><\/p>\n\n<p>.<\/p>\n\n<figure class=\"wp-block-image size-large\"><img loading=\"lazy\" width=\"1024\" height=\"683\" src=\"https:\/\/museunacionalvive.org.br\/wp-content\/uploads\/2022\/09\/sanitize_educativo-2_foto-felipe-cohen_projeto-mnv.jpg_020922-054838-1024x683.jpg\" alt=\"\" class=\"wp-image-3945\" srcset=\"https:\/\/museunacionalvive.org.br\/wp-content\/uploads\/2022\/09\/sanitize_educativo-2_foto-felipe-cohen_projeto-mnv.jpg_020922-054838-1024x683.jpg 1024w, https:\/\/museunacionalvive.org.br\/wp-content\/uploads\/2022\/09\/sanitize_educativo-2_foto-felipe-cohen_projeto-mnv.jpg_020922-054838-300x200.jpg 300w, https:\/\/museunacionalvive.org.br\/wp-content\/uploads\/2022\/09\/sanitize_educativo-2_foto-felipe-cohen_projeto-mnv.jpg_020922-054838-768x512.jpg 768w, https:\/\/museunacionalvive.org.br\/wp-content\/uploads\/2022\/09\/sanitize_educativo-2_foto-felipe-cohen_projeto-mnv.jpg_020922-054838-1536x1025.jpg 1536w, https:\/\/museunacionalvive.org.br\/wp-content\/uploads\/2022\/09\/sanitize_educativo-2_foto-felipe-cohen_projeto-mnv.jpg_020922-054838.jpg 1920w\" sizes=\"(max-width: 1024px) 100vw, 1024px\" \/><figcaption><em>. Credits: Felipe Cohen\/Projeto MNV<\/em><\/figcaption><\/figure>\n","protected":false},"excerpt":{"rendered":"<p>Free exhibitions, shows and educational activities occurs at the Quinta da Boa Vista <\/p>\n","protected":false},"author":1,"featured_media":3941,"comment_status":"open","ping_status":"open","sticky":false,"template":"","format":"standard","meta":[],"categories":[57,45,18],"tags":[96,69],"acf":[],"_links":{"self":[{"href":"https:\/\/museunacionalvive.org.br\/en\/wp-json\/wp\/v2\/posts\/4018"}],"collection":[{"href":"https:\/\/museunacionalvive.org.br\/en\/wp-json\/wp\/v2\/posts"}],"about":[{"href":"https:\/\/museunacionalvive.org.br\/en\/wp-json\/wp\/v2\/types\/post"}],"author":[{"embeddable":true,"href":"https:\/\/museunacionalvive.org.br\/en\/wp-json\/wp\/v2\/users\/1"}],"replies":[{"embeddable":true,"href":"https:\/\/museunacionalvive.org.br\/en\/wp-json\/wp\/v2\/comments?post=4018"}],"version-history":[{"count":5,"href":"https:\/\/museunacionalvive.org.br\/en\/wp-json\/wp\/v2\/posts\/4018\/revisions"}],"predecessor-version":[{"id":4023,"href":"https:\/\/museunacionalvive.org.br\/en\/wp-json\/wp\/v2\/posts\/4018\/revisions\/4023"}],"wp:featuredmedia":[{"embeddable":true,"href":"https:\/\/museunacionalvive.org.br\/en\/wp-json\/wp\/v2\/media\/3941"}],"wp:attachment":[{"href":"https:\/\/museunacionalvive.org.br\/en\/wp-json\/wp\/v2\/media?parent=4018"}],"wp:term":[{"taxonomy":"category","embeddable":true,"href":"https:\/\/museunacionalvive.org.br\/en\/wp-json\/wp\/v2\/categories?post=4018"},{"taxonomy":"post_tag","embeddable":true,"href":"https:\/\/museunacionalvive.org.br\/en\/wp-json\/wp\/v2\/tags?post=4018"}],"curies":[{"name":"wp","href":"https:\/\/api.w.org\/{rel}","templated":true}]}}