{"id":4880,"date":"2024-03-12T19:59:00","date_gmt":"2024-03-12T22:59:00","guid":{"rendered":"https:\/\/museunacionalvive.org.br\/?p=4880"},"modified":"2024-12-16T20:07:47","modified_gmt":"2024-12-16T23:07:47","slug":"project-museu-nacional-vive-launches-2023-activity-report","status":"publish","type":"post","link":"https:\/\/museunacionalvive.org.br\/en\/project-museu-nacional-vive-launches-2023-activity-report\/","title":{"rendered":"Project Museu Nacional Vive launches 2023 Activity Report"},"content":{"rendered":"\n<p>The fifth year of the reconstruction process of the Museu Nacional\/UFRJ was marked by significant progress in the restoration of the Pa\u00e7o de S\u00e3o Crist\u00f3v\u00e3o and the development of projects to ensure that the Museum is returned to society even more accessible, secure, diverse, and sustainable.<\/p>\n\n\n\n<p><img alt=\"All facades of block 1 have been restored, and 50% of the palace's roofs have been redone. Photo: Felipe Cohen\/Projeto MNV\" src=\"https:\/\/museunacionalvive.org.br\/wp-content\/uploads\/2023\/12\/sanitize_paco.jpg_281223-063948-1024x576.jpg\"> <em>All facades of block 1 have been restored, and 50% of the palace&#8217;s roofs have been redone. Photo: Felipe Cohen\/Projeto MNV<\/em><\/p>\n\n\n\n<p>The achievements of 2023 are compiled in the <strong>Activity Report<\/strong>, recently launched by the Museu Nacional Vive Project.<\/p>\n\n\n\n<p>Click <strong><a rel=\"noreferrer noopener\" href=\"https:\/\/museunacionalvive.org.br\/wp-content\/uploads\/2024\/03\/sanitize_report-mnv-20231.pdf_280324-020445.pdf\" target=\"_blank\">HERE<\/a><\/strong> <\/p>\n","protected":false},"excerpt":{"rendered":"<p>The fifth year of the reconstruction process of the Museu Nacional\/UFRJ was marked by significant progress in the restoration of the Pa\u00e7o de S\u00e3o Crist\u00f3v\u00e3o and the development of projects to ensure that the Museum is returned to society even more accessible, secure, diverse, and sustainable. All facades of block 1 have been restored, and [&hellip;]<\/p>\n","protected":false},"author":1,"featured_media":4569,"comment_status":"open","ping_status":"open","sticky":false,"template":"","format":"standard","meta":[],"categories":[57,45],"tags":[],"acf":[],"_links":{"self":[{"href":"https:\/\/museunacionalvive.org.br\/en\/wp-json\/wp\/v2\/posts\/4880"}],"collection":[{"href":"https:\/\/museunacionalvive.org.br\/en\/wp-json\/wp\/v2\/posts"}],"about":[{"href":"https:\/\/museunacionalvive.org.br\/en\/wp-json\/wp\/v2\/types\/post"}],"author":[{"embeddable":true,"href":"https:\/\/museunacionalvive.org.br\/en\/wp-json\/wp\/v2\/users\/1"}],"replies":[{"embeddable":true,"href":"https:\/\/museunacionalvive.org.br\/en\/wp-json\/wp\/v2\/comments?post=4880"}],"version-history":[{"count":2,"href":"https:\/\/museunacionalvive.org.br\/en\/wp-json\/wp\/v2\/posts\/4880\/revisions"}],"predecessor-version":[{"id":4882,"href":"https:\/\/museunacionalvive.org.br\/en\/wp-json\/wp\/v2\/posts\/4880\/revisions\/4882"}],"wp:featuredmedia":[{"embeddable":true,"href":"https:\/\/museunacionalvive.org.br\/en\/wp-json\/wp\/v2\/media\/4569"}],"wp:attachment":[{"href":"https:\/\/museunacionalvive.org.br\/en\/wp-json\/wp\/v2\/media?parent=4880"}],"wp:term":[{"taxonomy":"category","embeddable":true,"href":"https:\/\/museunacionalvive.org.br\/en\/wp-json\/wp\/v2\/categories?post=4880"},{"taxonomy":"post_tag","embeddable":true,"href":"https:\/\/museunacionalvive.org.br\/en\/wp-json\/wp\/v2\/tags?post=4880"}],"curies":[{"name":"wp","href":"https:\/\/api.w.org\/{rel}","templated":true}]}}