{"id":4884,"date":"2024-05-24T20:09:00","date_gmt":"2024-05-24T23:09:00","guid":{"rendered":"https:\/\/museunacionalvive.org.br\/?p=4884"},"modified":"2024-12-16T20:11:58","modified_gmt":"2024-12-16T23:11:58","slug":"free-program-celebrates-the-206th-anniversary-of-the-museu-nacional-ufrj","status":"publish","type":"post","link":"https:\/\/museunacionalvive.org.br\/en\/free-program-celebrates-the-206th-anniversary-of-the-museu-nacional-ufrj\/","title":{"rendered":"Free program celebrates the 206th Anniversary of the Museu Nacional\/UFRJ"},"content":{"rendered":"\n<p><\/p>\n\n\n\n<p>The Museu Nacional\/UFRJ, the first museum and scientific institution in Brazil, will celebrate its 206th anniversary with a diverse <strong>educational and cultural program<\/strong> on Sunday (06\/09) at Quinta da Boa Vista. The event is a partnership with the Museu Nacional Vive Project (<strong>a cooperation between UFRJ, UNESCO, and the Instituto Cultural Vale<\/strong>) and is supported by the Research Support Foundation of the State of Rio de Janeiro (FAPERJ).<\/p>\n\n\n\n<p>In the <strong>Scientific Tent<\/strong>, located in front of the statue of Emperor Pedro II, the public will have the opportunity to interact with the Museum&#8217;s scientific and cultural collections, including <strong>paleontological fossils, beetles, fish, mollusks, sacred objects from Afro-Brazilian religions<\/strong>, and <strong>records of Japanese immigration<\/strong>. Over thirty stands will be dedicated to interaction between Museum researchers and the community.<\/p>\n\n\n\n<figure class=\"wp-block-image\"><img src=\"https:\/\/museunacionalvive.org.br\/wp-content\/uploads\/2024\/05\/sanitize_museu-nacional-raphael-pizzino-sgcom-ufrj-080.jpg_240524-094405-1024x683.jpg\" alt=\"Scientific Tent showcasing Museum collections. Photo: Raphael Pizzino\/UFRJ\" \/><\/figure>\n\n\n\n<p>The cultural program has attractions for all ages. For the first time, children from Quilombo Sobara de Araruama will present their <strong>Grupo Batuque Reciclado<\/strong> starting at 10:15 am. Following this, the acrobatics and dances of <strong>UniCirco Marco Frota<\/strong> will engage the audience. In the afternoon, a cultural procession with music by Luiz Gonzaga will take place around Quinta da Boa Vista, led by the <strong>Bloco Cord\u00e3o da Tia Juca<\/strong> and <strong>Quadrilha Rastap\u00e9 nas Alturas<\/strong>. The activities will conclude with a samba circle led by the group <strong>Samba Independente dos Bons Costumes (SIBC)<\/strong> starting at 3:30 pm.<\/p>\n\n\n\n<figure class=\"wp-block-image\"><img src=\"https:\/\/museunacionalvive.org.br\/wp-content\/uploads\/2024\/05\/sanitize_image.png_240524-094725.png\" alt=\"Samba Independente dos Bons Costumes (SIBC) Group\" \/><\/figure>\n\n\n\n<p><em>&#8220;We will celebrate the 206 years of our Museu Nacional with this event that has become a tradition. We will be open-armed to welcome the public, showing that Brazil\u2019s first museum remains scientifically relevant and present in the daily life of the population. Everyone is welcome, but we especially invite Cariocas and tourists who may not yet be accustomed to visiting Quinta da Boa Vista on weekends. Come see what researchers have discovered and the progress of the restoration works at the Pa\u00e7o de S\u00e3o Crist\u00f3v\u00e3o,&#8221;<\/em> invites Professor Alexander Kellner, Director of the Museum.<\/p>\n\n\n\n<p>According to Lucia Basto, Executive Manager of the Museu Nacional Vive Project, the anniversary <strong>&#8220;highlights the commitment of the Museum\u2019s partner institutions not only to the evolution of the works and technical projects but also to the development of educational and cultural programs, fostering integration between the Museum and the community.&#8221;<\/strong> The public will also be able to view the history of the Museum\u2019s reconstruction through photographs and videos about the progress made to return the institution to society.<\/p>\n\n\n\n<figure class=\"wp-block-image\"><img src=\"https:\/\/museunacionalvive.org.br\/wp-content\/uploads\/2024\/05\/sanitize_museu-nacional-raphael-pizzino-sgcom-ufrj-015.jpg_240524-095005-1024x683.jpg\" alt=\"All event activities will be located along Alameda das Sapucaias, in front of the Pa\u00e7o de S\u00e3o Crist\u00f3v\u00e3o. (Photo: Raphael Pizzino\/UFRJ)\" \/><\/figure>\n\n\n\n<p>The event will also feature a <strong>sign language interpreter<\/strong>, replicas of collections available for handling by the public, <strong>educational tours<\/strong>, activities organized by partner institutions, and a special edition of the <strong>Junta Local Fair<\/strong>, with approximately 40 vendors selling food from 10 am to 5 pm.<\/p>\n\n\n\n<h3>Program Highlights:<\/h3>\n\n\n\n<ul><li><strong>206th Anniversary of the National Museum\/UFRJ<\/strong> Sunday, 09\/06\/2024 | Quinta da Boa Vista<\/li><li><strong>SCIENTIFIC TENT<\/strong><br>10:00 am \u2013 4:00 pm: <strong>Educational Activities<\/strong><br><em>Museum collections from various sectors of the National Museum\/UFRJ<\/em><\/li><li><strong>CULTURAL TENT<\/strong><br>10:15 am: <strong>Batuque Reciclado \u2013 Quilombo Sobara<\/strong><br>11:30 am: <strong>UniCirco Marcos Frota<\/strong><br>1:00 pm: <strong>Cord\u00e3o da Tia Juca<\/strong> &amp; <strong>Quadrilha Rastap\u00e9 nas Alturas<\/strong><br>3:30 pm: <strong>Samba Independente dos Bons Costumes (SIBC)<\/strong><\/li><li><strong>EDUCATIONAL TOURS<\/strong><br>10:00 am &amp; 2:00 pm: <strong>Discovering the Museum and Quinta<\/strong><br><em>Meeting point: Statue of D. Pedro II<\/em><br>11:00 am &amp; 2:00 pm: <strong>Herbarium: What is it?<\/strong> + <strong>Guided tour at COLBIO lab<\/strong><br><em>Meeting point: Botanical Garden Gate<\/em><br><em>Pre-registration required<\/em><\/li><li><strong>JUNTA LOCAL FAIR<\/strong><br>10:00 am \u2013 5:00 pm<\/li><li><strong>OTHER ACTIVITIES<\/strong><br>10:00 am \u2013 5:00 pm<br><strong>Photo Exhibition: &#8220;Timeline of Reconstruction&#8221;<\/strong><br><em>Museu Nacional Vive Project<\/em><br><strong>Board Games &#8211; IFRJoga<\/strong><br><em>IFRJ \u2013 Duque de Caxias<\/em><br><strong>Geomamas Space<\/strong><br><em>ABMGEO\/RJ<\/em><br><strong>Experiences: &#8220;Caring for Insects&#8221; and &#8220;We Are Pregnant&#8221;<\/strong><br><em>Museu da Vida Fiocruz<\/em><br><strong>Electronic Waste Collection Point<\/strong><br><em>Reciclotron<\/em><\/li><\/ul>\n\n\n\n<p><a href=\"https:\/\/www.museunacional.ufrj.br\/destaques\/206_anos.html\"><strong>Check out more details about the program here<\/strong><\/a><\/p>\n","protected":false},"excerpt":{"rendered":"<p>The Museu Nacional\/UFRJ, the first museum and scientific institution in Brazil, will celebrate its 206th anniversary with a diverse educational and cultural program on Sunday (06\/09) at Quinta da Boa Vista. The event is a partnership with the Museu Nacional Vive Project (a cooperation between UFRJ, UNESCO, and the Instituto Cultural Vale) and is supported [&hellip;]<\/p>\n","protected":false},"author":1,"featured_media":4587,"comment_status":"open","ping_status":"open","sticky":false,"template":"","format":"standard","meta":[],"categories":[57,45,61],"tags":[],"acf":[],"_links":{"self":[{"href":"https:\/\/museunacionalvive.org.br\/en\/wp-json\/wp\/v2\/posts\/4884"}],"collection":[{"href":"https:\/\/museunacionalvive.org.br\/en\/wp-json\/wp\/v2\/posts"}],"about":[{"href":"https:\/\/museunacionalvive.org.br\/en\/wp-json\/wp\/v2\/types\/post"}],"author":[{"embeddable":true,"href":"https:\/\/museunacionalvive.org.br\/en\/wp-json\/wp\/v2\/users\/1"}],"replies":[{"embeddable":true,"href":"https:\/\/museunacionalvive.org.br\/en\/wp-json\/wp\/v2\/comments?post=4884"}],"version-history":[{"count":2,"href":"https:\/\/museunacionalvive.org.br\/en\/wp-json\/wp\/v2\/posts\/4884\/revisions"}],"predecessor-version":[{"id":4886,"href":"https:\/\/museunacionalvive.org.br\/en\/wp-json\/wp\/v2\/posts\/4884\/revisions\/4886"}],"wp:featuredmedia":[{"embeddable":true,"href":"https:\/\/museunacionalvive.org.br\/en\/wp-json\/wp\/v2\/media\/4587"}],"wp:attachment":[{"href":"https:\/\/museunacionalvive.org.br\/en\/wp-json\/wp\/v2\/media?parent=4884"}],"wp:term":[{"taxonomy":"category","embeddable":true,"href":"https:\/\/museunacionalvive.org.br\/en\/wp-json\/wp\/v2\/categories?post=4884"},{"taxonomy":"post_tag","embeddable":true,"href":"https:\/\/museunacionalvive.org.br\/en\/wp-json\/wp\/v2\/tags?post=4884"}],"curies":[{"name":"wp","href":"https:\/\/api.w.org\/{rel}","templated":true}]}}