{"id":4889,"date":"2024-08-29T20:18:00","date_gmt":"2024-08-29T23:18:00","guid":{"rendered":"https:\/\/museunacionalvive.org.br\/?p=4889"},"modified":"2024-12-16T20:24:05","modified_gmt":"2024-12-16T23:24:05","slug":"estacao-museu-nacional-opens-its-doors-to-the-school-community","status":"publish","type":"post","link":"https:\/\/museunacionalvive.org.br\/en\/estacao-museu-nacional-opens-its-doors-to-the-school-community\/","title":{"rendered":"Esta\u00e7\u00e3o Museu Nacional opens its doors to the school community"},"content":{"rendered":"\n<p>On August 29, the Museu Nacional\/UFRJ and its partner institutions inaugurated the exhibition <em>&#8220;Um Museu de Descobertas&#8221;<\/em> (A Museum of Discoveries), marking the beginning of activities at the new Esta\u00e7\u00e3o Museu Nacional, a space dedicated to educational initiatives at the museum.<\/p>\n\n\n\n<p>The Esta\u00e7\u00e3o Museu Nacional is open for visits from school groups and other scheduled visitors. This new educational hub was implemented in collaboration with the Museu Nacional Vive Project, a technical partnership between UFRJ, UNESCO, and the Vale Cultural Institute, with financial support from BNDES and platinum sponsorship from Bradesco and Vale. Additionally, the exhibition received complementary sponsorship from Rede D&#8217;Or.<\/p>\n\n\n\n<figure class=\"wp-block-image size-large is-resized\"><img loading=\"lazy\" src=\"https:\/\/museunacionalvive.org.br\/wp-content\/uploads\/2024\/08\/sanitize_captura-de-tela-2024-08-31-110611.png_310824-021110-1024x682.png\" alt=\"\" class=\"wp-image-4735\" width=\"843\" height=\"561\" srcset=\"https:\/\/museunacionalvive.org.br\/wp-content\/uploads\/2024\/08\/sanitize_captura-de-tela-2024-08-31-110611.png_310824-021110-1024x682.png 1024w, https:\/\/museunacionalvive.org.br\/wp-content\/uploads\/2024\/08\/sanitize_captura-de-tela-2024-08-31-110611.png_310824-021110-300x200.png 300w, https:\/\/museunacionalvive.org.br\/wp-content\/uploads\/2024\/08\/sanitize_captura-de-tela-2024-08-31-110611.png_310824-021110-768x512.png 768w, https:\/\/museunacionalvive.org.br\/wp-content\/uploads\/2024\/08\/sanitize_captura-de-tela-2024-08-31-110611.png_310824-021110.png 1361w\" sizes=\"(max-width: 843px) 100vw, 843px\" \/><figcaption><em>Cr\u00e9ditos: Diogo Vasconcellos\/MN<\/em><\/figcaption><\/figure>\n\n\n\n<p>The 433 m\u00b2 space is located in the S\u00e3o Crist\u00f3v\u00e3o neighborhood, part of the Campus de Pesquisa e Ensino Museu Nacional\/UFRJ complex. It is conveniently close to metro and train stations, the Maracan\u00e3 stadium, the Mangueira community, and the main museum building, which is currently under restoration.<\/p>\n\n\n\n<p>Alexander Kellner, Director of the Museu Nacional\/UFRJ, emphasized the significance of the new space: <em>\u201cWe celebrate the opening of this new space, which will display objects stemming from research conducted by all the museum\u2019s scientific departments after the 2018 fire, demonstrating the relevance and resilience of our institution.\u201d<\/em><\/p>\n\n\n\n<p>Highlights of the <em>&#8220;Um Museu de Descobertas&#8221;<\/em> exhibition include original fossils like the Brazilian dinosaur <em>Berthasaura leopoldinae<\/em>, Egyptian artifacts, a Karaj\u00e1 doll, carnival accessories, 3D models, photographs, and records from scientific expeditions. The exhibition showcases the diversity of knowledge and topics the museum engages with, such as biodiversity, environmental conservation, cultural diversity, the history of science, and evolution.<\/p>\n\n\n\n<figure class=\"wp-block-image size-large\"><img loading=\"lazy\" width=\"1024\" height=\"674\" src=\"https:\/\/museunacionalvive.org.br\/wp-content\/uploads\/2024\/08\/sanitize_captura-de-tela-2024-08-31-110646.png_310824-020720-1024x674.png\" alt=\"\" class=\"wp-image-4733\" srcset=\"https:\/\/museunacionalvive.org.br\/wp-content\/uploads\/2024\/08\/sanitize_captura-de-tela-2024-08-31-110646.png_310824-020720-1024x674.png 1024w, https:\/\/museunacionalvive.org.br\/wp-content\/uploads\/2024\/08\/sanitize_captura-de-tela-2024-08-31-110646.png_310824-020720-300x197.png 300w, https:\/\/museunacionalvive.org.br\/wp-content\/uploads\/2024\/08\/sanitize_captura-de-tela-2024-08-31-110646.png_310824-020720-768x505.png 768w, https:\/\/museunacionalvive.org.br\/wp-content\/uploads\/2024\/08\/sanitize_captura-de-tela-2024-08-31-110646.png_310824-020720.png 1365w\" sizes=\"(max-width: 1024px) 100vw, 1024px\" \/><figcaption><em>Cr\u00e9ditos: Anna Bayer\/MN<\/em><\/figcaption><\/figure>\n\n\n\n<p>Juliana Say\u00e3o, the Museum\u2019s Associate Director of Museum and Society Integration, stated, <em>\u201cThe opening of the Esta\u00e7\u00e3o is an important step as the museum continues its restoration work. It provides a precious opportunity to fulfill our educational mission, bringing the science our researchers have been producing to the public.\u201d<\/em><\/p>\n\n\n\n<p>Roberto Medronho, Rector of UFRJ, emphasized the alignment of the Esta\u00e7\u00e3o with the University\u2019s extension program, adding that the space will host educational programs and events such as the UFRJ\u2019s Academic Integration Week, the National Science and Technology Week, and the Museum Spring events.<\/p>\n\n\n\n<p>The Esta\u00e7\u00e3o has the capacity to host up to 40 people per scheduled visit. Groups will be welcomed by the Public Service Team and have the opportunity for guided tours coordinated by the Educational Assistance Section (SAE).<\/p>\n\n\n\n<figure class=\"wp-block-image size-large\"><img loading=\"lazy\" width=\"1024\" height=\"684\" src=\"https:\/\/museunacionalvive.org.br\/wp-content\/uploads\/2024\/08\/sanitize_captura-de-tela-2024-08-31-110630.png_310824-021252-1024x684.png\" alt=\"\" class=\"wp-image-4737\" srcset=\"https:\/\/museunacionalvive.org.br\/wp-content\/uploads\/2024\/08\/sanitize_captura-de-tela-2024-08-31-110630.png_310824-021252-1024x684.png 1024w, https:\/\/museunacionalvive.org.br\/wp-content\/uploads\/2024\/08\/sanitize_captura-de-tela-2024-08-31-110630.png_310824-021252-300x200.png 300w, https:\/\/museunacionalvive.org.br\/wp-content\/uploads\/2024\/08\/sanitize_captura-de-tela-2024-08-31-110630.png_310824-021252-768x513.png 768w, https:\/\/museunacionalvive.org.br\/wp-content\/uploads\/2024\/08\/sanitize_captura-de-tela-2024-08-31-110630.png_310824-021252.png 1357w\" sizes=\"(max-width: 1024px) 100vw, 1024px\" \/><figcaption><em>Cr\u00e9ditos: Anna Bayer\/MN<\/em><\/figcaption><\/figure>\n\n\n\n<p>Hugo Barreto, President of the Vale Cultural Institute, highlighted the Esta\u00e7\u00e3o\u2019s role in expanding educational opportunities for children and young people, enabling them to learn through scientific and cultural discoveries. <em>\u201cIt is very meaningful that this initiative happens even while the museum is being reconstructed, fostering dialogue with diverse audiences, especially students.\u201d<\/em><\/p>\n\n\n\n<p>Since 2020, the Museu Nacional Vive Project has supported eight exhibitions, including special shows and virtual exhibits. As UNESCO\u2019s Director and Representative in Brazil, Marlova Jovchelovitch Noleto emphasized, <em>\u201cThis is a very important aspect of the project. The museum is alive and needs to continue engaging with society, spreading knowledge, and democratizing access to science, culture, and education.\u201d<\/em><\/p>\n\n\n\n<figure class=\"wp-block-image size-large\"><img loading=\"lazy\" width=\"1024\" height=\"823\" src=\"https:\/\/museunacionalvive.org.br\/wp-content\/uploads\/2024\/08\/sanitize_captura-de-tela-2024-08-31-110549.png_310824-021319-1024x823.png\" alt=\"\" class=\"wp-image-4739\" srcset=\"https:\/\/museunacionalvive.org.br\/wp-content\/uploads\/2024\/08\/sanitize_captura-de-tela-2024-08-31-110549.png_310824-021319-1024x823.png 1024w, https:\/\/museunacionalvive.org.br\/wp-content\/uploads\/2024\/08\/sanitize_captura-de-tela-2024-08-31-110549.png_310824-021319-300x241.png 300w, https:\/\/museunacionalvive.org.br\/wp-content\/uploads\/2024\/08\/sanitize_captura-de-tela-2024-08-31-110549.png_310824-021319-768x617.png 768w, https:\/\/museunacionalvive.org.br\/wp-content\/uploads\/2024\/08\/sanitize_captura-de-tela-2024-08-31-110549.png_310824-021319.png 1121w\" sizes=\"(max-width: 1024px) 100vw, 1024px\" \/><figcaption><em>Alexander Kellner (MN), Juliana Say\u00e3o (MN), Dr. Ricardo Reis,(Rede D&#8217;Or), Lucia Basto (Projeto Museu Nacional Vive) e Val\u00e9ria Cid Maia (SAMN). Cr\u00e9ditos: Diogo Vasconcellos\/MN<\/em><\/figcaption><\/figure>\n\n\n\n<p>The <em>&#8220;Um Museu de Descobertas&#8221;<\/em> exhibition, marking the Esta\u00e7\u00e3o\u2019s opening, also received support from Rede D&#8217;Or, the largest healthcare company in Latin America. Rafael Werneck, the company\u2019s General Manager of Communication and Marketing, emphasized that the sponsorship aligns with the company\u2019s commitment to research and education. <em>\u201cIt\u2019s an honor for us to support the cultural activities of the country\u2019s oldest scientific institution,\u201d<\/em> he said.<\/p>\n\n\n\n<p>School and group visits can be arranged by emailing: <a>agendamento.nap@mn.ufrj.br<\/a>.<\/p>\n\n\n\n<p><\/p>\n\n\n\n<p><\/p>\n\n\n\n<p><\/p>\n\n\n\n<p><\/p>\n","protected":false},"excerpt":{"rendered":"<p>Exhibition &#8220;A Museum of discoveries&#8221; highlights the institution&#8217;s collections<\/p>\n","protected":false},"author":1,"featured_media":4734,"comment_status":"open","ping_status":"open","sticky":false,"template":"","format":"standard","meta":[],"categories":[57,45,62],"tags":[],"acf":[],"_links":{"self":[{"href":"https:\/\/museunacionalvive.org.br\/en\/wp-json\/wp\/v2\/posts\/4889"}],"collection":[{"href":"https:\/\/museunacionalvive.org.br\/en\/wp-json\/wp\/v2\/posts"}],"about":[{"href":"https:\/\/museunacionalvive.org.br\/en\/wp-json\/wp\/v2\/types\/post"}],"author":[{"embeddable":true,"href":"https:\/\/museunacionalvive.org.br\/en\/wp-json\/wp\/v2\/users\/1"}],"replies":[{"embeddable":true,"href":"https:\/\/museunacionalvive.org.br\/en\/wp-json\/wp\/v2\/comments?post=4889"}],"version-history":[{"count":2,"href":"https:\/\/museunacionalvive.org.br\/en\/wp-json\/wp\/v2\/posts\/4889\/revisions"}],"predecessor-version":[{"id":4891,"href":"https:\/\/museunacionalvive.org.br\/en\/wp-json\/wp\/v2\/posts\/4889\/revisions\/4891"}],"wp:featuredmedia":[{"embeddable":true,"href":"https:\/\/museunacionalvive.org.br\/en\/wp-json\/wp\/v2\/media\/4734"}],"wp:attachment":[{"href":"https:\/\/museunacionalvive.org.br\/en\/wp-json\/wp\/v2\/media?parent=4889"}],"wp:term":[{"taxonomy":"category","embeddable":true,"href":"https:\/\/museunacionalvive.org.br\/en\/wp-json\/wp\/v2\/categories?post=4889"},{"taxonomy":"post_tag","embeddable":true,"href":"https:\/\/museunacionalvive.org.br\/en\/wp-json\/wp\/v2\/tags?post=4889"}],"curies":[{"name":"wp","href":"https:\/\/api.w.org\/{rel}","templated":true}]}}