{"id":4895,"date":"2024-11-23T20:26:00","date_gmt":"2024-11-23T23:26:00","guid":{"rendered":"https:\/\/museunacionalvive.org.br\/?p=4895"},"modified":"2024-12-16T21:41:11","modified_gmt":"2024-12-17T00:41:11","slug":"unesco-visits-reconstruction-works-at-the-museu-nacional-ufrj-headquarters","status":"publish","type":"post","link":"https:\/\/museunacionalvive.org.br\/en\/unesco-visits-reconstruction-works-at-the-museu-nacional-ufrj-headquarters\/","title":{"rendered":"UNESCO inspects the reconstruction works at the Museu Nacional"},"content":{"rendered":"\n<p>On November 19th, the UNESCO Director-General, Audrey Azoulay, and the Director and Representative of UNESCO in Brazil, Marlova Jovchelovitch Noleto, visited the ongoing restoration works at the Museu Nacional\/UFRJ headquarters and were able to witness the progress of the restoration of the country&#8217;s first museum.<\/p>\n\n\n\n<figure class=\"wp-block-image size-large is-resized\"><img loading=\"lazy\" src=\"https:\/\/museunacionalvive.org.br\/wp-content\/uploads\/2024\/11\/sanitize_unesco-1.jpg_231124-113727-1024x681.jpg\" alt=\"\" class=\"wp-image-4779\" width=\"840\" height=\"558\" srcset=\"https:\/\/museunacionalvive.org.br\/wp-content\/uploads\/2024\/11\/sanitize_unesco-1.jpg_231124-113727-1024x681.jpg 1024w, https:\/\/museunacionalvive.org.br\/wp-content\/uploads\/2024\/11\/sanitize_unesco-1.jpg_231124-113727-300x200.jpg 300w, https:\/\/museunacionalvive.org.br\/wp-content\/uploads\/2024\/11\/sanitize_unesco-1.jpg_231124-113727-768x511.jpg 768w, https:\/\/museunacionalvive.org.br\/wp-content\/uploads\/2024\/11\/sanitize_unesco-1.jpg_231124-113727-1536x1021.jpg 1536w, https:\/\/museunacionalvive.org.br\/wp-content\/uploads\/2024\/11\/sanitize_unesco-1.jpg_231124-113727.jpg 1600w\" sizes=\"(max-width: 840px) 100vw, 840px\" \/><figcaption><em>Comitiva envolveu equipes da UFRJ, Museu e Projeto Museu Nacional Vive. Cr\u00e9ditos: Marcello Dias\/Unesco<\/em><\/figcaption><\/figure>\n\n\n\n<p>Guided by museum expert Amanda Cavalcanti (MN\/UFRJ) and consultants of PMNV, Caio Gon\u00e7alves Dias (in charge of managing the new exhibitions) and Patricia Hockensmith (institutional relations), the delegation closely observed the work in progress across various sections of the historic building, including the restoration of the Bendeg\u00f3 meteorite room and the installation of a skylight over the central staircase courtyard.<\/p>\n\n\n\n<figure class=\"wp-block-image size-large\"><img loading=\"lazy\" width=\"1024\" height=\"683\" src=\"https:\/\/museunacionalvive.org.br\/wp-content\/uploads\/2024\/11\/sanitize_fsc2221.jpg_231124-113946-1024x683.jpg\" alt=\"\" class=\"wp-image-4785\" srcset=\"https:\/\/museunacionalvive.org.br\/wp-content\/uploads\/2024\/11\/sanitize_fsc2221.jpg_231124-113946-1024x683.jpg 1024w, https:\/\/museunacionalvive.org.br\/wp-content\/uploads\/2024\/11\/sanitize_fsc2221.jpg_231124-113946-300x200.jpg 300w, https:\/\/museunacionalvive.org.br\/wp-content\/uploads\/2024\/11\/sanitize_fsc2221.jpg_231124-113946-768x512.jpg 768w, https:\/\/museunacionalvive.org.br\/wp-content\/uploads\/2024\/11\/sanitize_fsc2221.jpg_231124-113946-1536x1025.jpg 1536w, https:\/\/museunacionalvive.org.br\/wp-content\/uploads\/2024\/11\/sanitize_fsc2221.jpg_231124-113946-2048x1366.jpg 2048w\" sizes=\"(max-width: 1024px) 100vw, 1024px\" \/><figcaption><em>Cr\u00e9ditos: Felipe Cohen\/Projeto MNV<\/em><\/figcaption><\/figure>\n\n\n\n<p>The directors were welcomed at the Pa\u00e7o de S\u00e3o Crist\u00f3v\u00e3o by Roberto Medronho, Rector of UFRJ; Ronaldo Fernandes, Deputy Director of the Museu Nacional\/UFRJ; Larissa Gra\u00e7a, Technical and Strategic Manager of the Museu Nacional Vive Project (PMNV); and Mari\u00e2ngela Menezes, President of the Friends of Museu Nacional Association (SAMN).<\/p>\n\n\n\n<figure class=\"wp-block-image size-large\"><img loading=\"lazy\" width=\"1024\" height=\"683\" src=\"https:\/\/museunacionalvive.org.br\/wp-content\/uploads\/2024\/11\/sanitize_unesco-3.jpg_231124-113831-1024x683.jpg\" alt=\"\" class=\"wp-image-4781\" srcset=\"https:\/\/museunacionalvive.org.br\/wp-content\/uploads\/2024\/11\/sanitize_unesco-3.jpg_231124-113831-1024x683.jpg 1024w, https:\/\/museunacionalvive.org.br\/wp-content\/uploads\/2024\/11\/sanitize_unesco-3.jpg_231124-113831-300x200.jpg 300w, https:\/\/museunacionalvive.org.br\/wp-content\/uploads\/2024\/11\/sanitize_unesco-3.jpg_231124-113831-768x513.jpg 768w, https:\/\/museunacionalvive.org.br\/wp-content\/uploads\/2024\/11\/sanitize_unesco-3.jpg_231124-113831.jpg 1350w\" sizes=\"(max-width: 1024px) 100vw, 1024px\" \/><figcaption><em>Cr\u00e9ditos: Marcello Dias\/Unesco <\/em><\/figcaption><\/figure>\n\n\n\n<p>After the visit, the UNESCO Director-General reaffirmed her organization&#8217;s commitment to the PMNV on social media, highlighting efforts to rebuild the collections: &#8220;Since 2018, UNESCO has organized a series of meetings with Brazil&#8217;s partner countries to encourage them to donate artworks. This initiative is already yielding results. Austria, Denmark, and Portugal have announced donations to the Museu Nacional. Germany, France, and the United States have agreed to offer material and financial support. Other donations are currently under negotiation, and we hope to finalize them soon.&#8221;<\/p>\n\n\n\n<figure class=\"wp-block-image size-large\"><img loading=\"lazy\" width=\"1024\" height=\"681\" src=\"https:\/\/museunacionalvive.org.br\/wp-content\/uploads\/2024\/11\/sanitize_unesco-2.jpg_231124-113904-1024x681.jpg\" alt=\"\" class=\"wp-image-4783\" srcset=\"https:\/\/museunacionalvive.org.br\/wp-content\/uploads\/2024\/11\/sanitize_unesco-2.jpg_231124-113904-1024x681.jpg 1024w, https:\/\/museunacionalvive.org.br\/wp-content\/uploads\/2024\/11\/sanitize_unesco-2.jpg_231124-113904-300x200.jpg 300w, https:\/\/museunacionalvive.org.br\/wp-content\/uploads\/2024\/11\/sanitize_unesco-2.jpg_231124-113904-768x511.jpg 768w, https:\/\/museunacionalvive.org.br\/wp-content\/uploads\/2024\/11\/sanitize_unesco-2.jpg_231124-113904-1536x1021.jpg 1536w, https:\/\/museunacionalvive.org.br\/wp-content\/uploads\/2024\/11\/sanitize_unesco-2.jpg_231124-113904.jpg 1600w\" sizes=\"(max-width: 1024px) 100vw, 1024px\" \/><figcaption><em>Audrey and Marlova in front of the Pa\u00e7o de S\u00e3o Crist\u00f3v\u00e3o. Credits: Marcello Dias\/Unesco.<\/em><\/figcaption><\/figure>\n\n\n\n<p>UNESCO is part of the Executive Committee of the Museu Nacional Vive Project.<\/p>\n","protected":false},"excerpt":{"rendered":"<p>UNESCO is part of the Executive Committee of the Project Museu Nacional Vive<\/p>\n","protected":false},"author":1,"featured_media":4784,"comment_status":"open","ping_status":"open","sticky":false,"template":"","format":"standard","meta":[],"categories":[57,45,49],"tags":[],"acf":[],"_links":{"self":[{"href":"https:\/\/museunacionalvive.org.br\/en\/wp-json\/wp\/v2\/posts\/4895"}],"collection":[{"href":"https:\/\/museunacionalvive.org.br\/en\/wp-json\/wp\/v2\/posts"}],"about":[{"href":"https:\/\/museunacionalvive.org.br\/en\/wp-json\/wp\/v2\/types\/post"}],"author":[{"embeddable":true,"href":"https:\/\/museunacionalvive.org.br\/en\/wp-json\/wp\/v2\/users\/1"}],"replies":[{"embeddable":true,"href":"https:\/\/museunacionalvive.org.br\/en\/wp-json\/wp\/v2\/comments?post=4895"}],"version-history":[{"count":2,"href":"https:\/\/museunacionalvive.org.br\/en\/wp-json\/wp\/v2\/posts\/4895\/revisions"}],"predecessor-version":[{"id":4904,"href":"https:\/\/museunacionalvive.org.br\/en\/wp-json\/wp\/v2\/posts\/4895\/revisions\/4904"}],"wp:featuredmedia":[{"embeddable":true,"href":"https:\/\/museunacionalvive.org.br\/en\/wp-json\/wp\/v2\/media\/4784"}],"wp:attachment":[{"href":"https:\/\/museunacionalvive.org.br\/en\/wp-json\/wp\/v2\/media?parent=4895"}],"wp:term":[{"taxonomy":"category","embeddable":true,"href":"https:\/\/museunacionalvive.org.br\/en\/wp-json\/wp\/v2\/categories?post=4895"},{"taxonomy":"post_tag","embeddable":true,"href":"https:\/\/museunacionalvive.org.br\/en\/wp-json\/wp\/v2\/tags?post=4895"}],"curies":[{"name":"wp","href":"https:\/\/api.w.org\/{rel}","templated":true}]}}