{"id":4924,"date":"2025-01-14T10:38:17","date_gmt":"2025-01-14T13:38:17","guid":{"rendered":"https:\/\/museunacionalvive.org.br\/?p=4924"},"modified":"2025-03-17T19:27:41","modified_gmt":"2025-03-17T22:27:41","slug":"retrospective-video-celebrates-the-progress-of-the-museu-nacional-reconstruction-in-2024","status":"publish","type":"post","link":"https:\/\/museunacionalvive.org.br\/en\/retrospective-video-celebrates-the-progress-of-the-museu-nacional-reconstruction-in-2024\/","title":{"rendered":"Retrospective video celebrates the progress of the Museu Nacional reconstruction in 2024"},"content":{"rendered":"\n<p>We invite you to watch the 2024 Retrospective of the Project &#8220;Museu Nacional Vive&#8221; which highlights the restoration progress of the Pa\u00e7o de S\u00e3o Crist\u00f3v\u00e3o (headquarters of the Museu Nacional\/UFRJ), the implementation of the Research and Education Campus, and the renovation of the Central Library.<\/p>\n\n\n\n<p>The video showcases key moments of the year, such as the inauguration of the Museu Nacional Station and other achievements. <\/p>\n\n\n\n<figure class=\"wp-block-embed is-type-video is-provider-youtube wp-block-embed-youtube wp-embed-aspect-16-9 wp-has-aspect-ratio\"><div class=\"wp-block-embed__wrapper\">\n<iframe loading=\"lazy\" title=\"Retrospectiva 2024 - Projeto Museu Nacional Vive\" width=\"500\" height=\"281\" src=\"https:\/\/www.youtube.com\/embed\/Nb0mgV606Ds?feature=oembed\" frameborder=\"0\" allow=\"accelerometer; autoplay; clipboard-write; encrypted-media; gyroscope; picture-in-picture; web-share\" referrerpolicy=\"strict-origin-when-cross-origin\" allowfullscreen><\/iframe>\n<\/div><\/figure>\n","protected":false},"excerpt":{"rendered":"<p>Watch it and spread the news about this historic reconstruction!<\/p>\n","protected":false},"author":1,"featured_media":4959,"comment_status":"open","ping_status":"open","sticky":false,"template":"","format":"standard","meta":[],"categories":[45,49],"tags":[],"acf":[],"_links":{"self":[{"href":"https:\/\/museunacionalvive.org.br\/en\/wp-json\/wp\/v2\/posts\/4924"}],"collection":[{"href":"https:\/\/museunacionalvive.org.br\/en\/wp-json\/wp\/v2\/posts"}],"about":[{"href":"https:\/\/museunacionalvive.org.br\/en\/wp-json\/wp\/v2\/types\/post"}],"author":[{"embeddable":true,"href":"https:\/\/museunacionalvive.org.br\/en\/wp-json\/wp\/v2\/users\/1"}],"replies":[{"embeddable":true,"href":"https:\/\/museunacionalvive.org.br\/en\/wp-json\/wp\/v2\/comments?post=4924"}],"version-history":[{"count":1,"href":"https:\/\/museunacionalvive.org.br\/en\/wp-json\/wp\/v2\/posts\/4924\/revisions"}],"predecessor-version":[{"id":4925,"href":"https:\/\/museunacionalvive.org.br\/en\/wp-json\/wp\/v2\/posts\/4924\/revisions\/4925"}],"wp:featuredmedia":[{"embeddable":true,"href":"https:\/\/museunacionalvive.org.br\/en\/wp-json\/wp\/v2\/media\/4959"}],"wp:attachment":[{"href":"https:\/\/museunacionalvive.org.br\/en\/wp-json\/wp\/v2\/media?parent=4924"}],"wp:term":[{"taxonomy":"category","embeddable":true,"href":"https:\/\/museunacionalvive.org.br\/en\/wp-json\/wp\/v2\/categories?post=4924"},{"taxonomy":"post_tag","embeddable":true,"href":"https:\/\/museunacionalvive.org.br\/en\/wp-json\/wp\/v2\/tags?post=4924"}],"curies":[{"name":"wp","href":"https:\/\/api.w.org\/{rel}","templated":true}]}}