{"id":5046,"date":"2025-04-07T14:50:00","date_gmt":"2025-04-07T17:50:00","guid":{"rendered":"https:\/\/museunacionalvive.org.br\/?p=5046"},"modified":"2025-04-08T09:57:53","modified_gmt":"2025-04-08T12:57:53","slug":"project-museu-nacional-vive-releases-2024-report","status":"publish","type":"post","link":"https:\/\/museunacionalvive.org.br\/en\/project-museu-nacional-vive-releases-2024-report\/","title":{"rendered":"Project Museu Nacional Vive releases 2024 Report"},"content":{"rendered":"\n<p>In 2024, the Project Museu Nacional Vive achieved significant milestones, including the installation of a skylight in the historic wing of Pa\u00e7o de S\u00e3o Crist\u00f3v\u00e3o, substantial progress in restoring the facades and roofs of the side wings, and the support of new sponsors.<\/p>\n\n\n\n<figure class=\"wp-block-image size-large\"><img loading=\"lazy\" width=\"1024\" height=\"730\" src=\"https:\/\/museunacionalvive.org.br\/wp-content\/uploads\/2025\/04\/sanitize_captura-de-tela-2025-04-08-095655.png_080425-125734-1024x730.png\" alt=\"\" class=\"wp-image-5049\" srcset=\"https:\/\/museunacionalvive.org.br\/wp-content\/uploads\/2025\/04\/sanitize_captura-de-tela-2025-04-08-095655.png_080425-125734-1024x730.png 1024w, https:\/\/museunacionalvive.org.br\/wp-content\/uploads\/2025\/04\/sanitize_captura-de-tela-2025-04-08-095655.png_080425-125734-300x214.png 300w, https:\/\/museunacionalvive.org.br\/wp-content\/uploads\/2025\/04\/sanitize_captura-de-tela-2025-04-08-095655.png_080425-125734-768x548.png 768w, https:\/\/museunacionalvive.org.br\/wp-content\/uploads\/2025\/04\/sanitize_captura-de-tela-2025-04-08-095655.png_080425-125734.png 1228w\" sizes=\"(max-width: 1024px) 100vw, 1024px\" \/><\/figure>\n\n\n\n<p>All the details about these and other recent milestones in the Museum\u2019s reconstruction journey are available in the 2024 Activity Report!<\/p>\n\n\n\n<p>Access: <strong><a href=\"https:\/\/museunacionalvive.org.br\/wp-content\/uploads\/2025\/04\/sanitize_relatorio-pmnv-2024_eng.pdf_070425-043104.pdf\" target=\"_blank\" rel=\"noreferrer noopener\">PMNV 2024 Report (English)<\/a><\/strong><\/p>\n","protected":false},"excerpt":{"rendered":"<p>Publication details the progress in construction and services for the reconstruction of the Museum<\/p>\n","protected":false},"author":1,"featured_media":5049,"comment_status":"open","ping_status":"open","sticky":false,"template":"","format":"standard","meta":[],"categories":[57,45],"tags":[],"acf":[],"_links":{"self":[{"href":"https:\/\/museunacionalvive.org.br\/en\/wp-json\/wp\/v2\/posts\/5046"}],"collection":[{"href":"https:\/\/museunacionalvive.org.br\/en\/wp-json\/wp\/v2\/posts"}],"about":[{"href":"https:\/\/museunacionalvive.org.br\/en\/wp-json\/wp\/v2\/types\/post"}],"author":[{"embeddable":true,"href":"https:\/\/museunacionalvive.org.br\/en\/wp-json\/wp\/v2\/users\/1"}],"replies":[{"embeddable":true,"href":"https:\/\/museunacionalvive.org.br\/en\/wp-json\/wp\/v2\/comments?post=5046"}],"version-history":[{"count":2,"href":"https:\/\/museunacionalvive.org.br\/en\/wp-json\/wp\/v2\/posts\/5046\/revisions"}],"predecessor-version":[{"id":5051,"href":"https:\/\/museunacionalvive.org.br\/en\/wp-json\/wp\/v2\/posts\/5046\/revisions\/5051"}],"wp:featuredmedia":[{"embeddable":true,"href":"https:\/\/museunacionalvive.org.br\/en\/wp-json\/wp\/v2\/media\/5049"}],"wp:attachment":[{"href":"https:\/\/museunacionalvive.org.br\/en\/wp-json\/wp\/v2\/media?parent=5046"}],"wp:term":[{"taxonomy":"category","embeddable":true,"href":"https:\/\/museunacionalvive.org.br\/en\/wp-json\/wp\/v2\/categories?post=5046"},{"taxonomy":"post_tag","embeddable":true,"href":"https:\/\/museunacionalvive.org.br\/en\/wp-json\/wp\/v2\/tags?post=5046"}],"curies":[{"name":"wp","href":"https:\/\/api.w.org\/{rel}","templated":true}]}}