{"id":5190,"date":"2025-06-30T14:48:00","date_gmt":"2025-06-30T17:48:00","guid":{"rendered":"https:\/\/museunacionalvive.org.br\/?p=5190"},"modified":"2025-07-10T14:55:46","modified_gmt":"2025-07-10T17:55:46","slug":"entre-gigantes-uma-experiencia-no-museu-nacional-will-be-on-view-until-august-31","status":"publish","type":"post","link":"https:\/\/museunacionalvive.org.br\/en\/entre-gigantes-uma-experiencia-no-museu-nacional-will-be-on-view-until-august-31\/","title":{"rendered":"&#8220;Entre Gigantes: uma experi\u00eancia no Museu Nacional&#8221; will be on view until August 31"},"content":{"rendered":"\n<p>The Museu Nacional\/UFRJ and the partners of the Museu Nacional Vive Project (a technical cooperation between UFRJ, UNESCO, and the Vale Cultural Institute) present the temporary exhibition <strong>&#8220;Entre Gigantes: uma experi\u00eancia no Museu Nacional&#8221;<\/strong>.<\/p>\n\n\n\n<p>This initiative invites the public to temporarily access \u2014 for the first time since the 2018 fire \u2014 three indoor areas of the museum&#8217;s headquarters, the Pa\u00e7o de S\u00e3o Crist\u00f3v\u00e3o, which is currently under restoration. From July 2 to August 31, visitors will be able to witness the progress of the palace\u2019s restoration, revisit an iconic piece of the collection \u2014 the <strong>Bendeg\u00f3 meteorite<\/strong> \u2014 and admire a recent acquisition of the institution: the <strong>skeleton of a sperm whale<\/strong>, measuring 15.7 meters in length, now installed under the building\u2019s new skylight.<br><br>\u201cThis is a program that highlights the resilience of the Museum&#8217;s staff, the excellence of the ongoing restoration efforts, and, of course, the scientific relevance of our collections in expanding access to knowledge. It is a historic moment: to be able \u2014 even if for a short time \u2014 to open a small part of the palace for visitation! The entire society is invited to take part in this new phase of the Museum,\u201d says Alexander Kellner, Director of the National Museum\/UFRJ.<\/p>\n\n\n\n<figure class=\"wp-block-image size-large\"><img loading=\"lazy\" width=\"1024\" height=\"611\" src=\"https:\/\/museunacionalvive.org.br\/wp-content\/uploads\/2025\/06\/sanitize_bendego_entre-gigantes.png_300625-120935-1024x611.png\" alt=\"\" class=\"wp-image-5139\" srcset=\"https:\/\/museunacionalvive.org.br\/wp-content\/uploads\/2025\/06\/sanitize_bendego_entre-gigantes.png_300625-120935-1024x611.png 1024w, https:\/\/museunacionalvive.org.br\/wp-content\/uploads\/2025\/06\/sanitize_bendego_entre-gigantes.png_300625-120935-300x179.png 300w, https:\/\/museunacionalvive.org.br\/wp-content\/uploads\/2025\/06\/sanitize_bendego_entre-gigantes.png_300625-120935-768x458.png 768w, https:\/\/museunacionalvive.org.br\/wp-content\/uploads\/2025\/06\/sanitize_bendego_entre-gigantes.png_300625-120935.png 1191w\" sizes=\"(max-width: 1024px) 100vw, 1024px\" \/><figcaption><em>Photo: Felipe Cohen\/PMNV<\/em><\/figcaption><\/figure>\n\n\n\n<p>For Lucia Basto, Executive Manager of the Museu Nacional Vive Project, \u201cit is also an opportunity to reflect on the achievements and challenges of this reconstruction. In addition to the skylight over the monumental staircase, visitors will also be able to admire some restored artistic elements in the Bendeg\u00f3 Room which, even before the fire, had been hidden under layers of paint,\u201d she reveals.<\/p>\n\n\n\n<p>The experience proposes a journey that interweaves nature, heritage, and art. The Bendeg\u00f3 \u2014 a giant weighing over five tons \u2014 and other specimens from the meteorite collection are the starting point. In this first phase, visitors will also encounter artworks by Gustavo Caboco, a Wapichana visual artist, who reinterpreted the meteorite to create a series of artistic pieces together with his family.<br><\/p>\n\n\n\n<figure class=\"wp-block-image size-large\"><img loading=\"lazy\" width=\"1024\" height=\"605\" src=\"https:\/\/museunacionalvive.org.br\/wp-content\/uploads\/2025\/06\/sanitize_captura-de-tela-2025-06-21-105805.png_300625-121709-1024x605.png\" alt=\"\" class=\"wp-image-5145\" srcset=\"https:\/\/museunacionalvive.org.br\/wp-content\/uploads\/2025\/06\/sanitize_captura-de-tela-2025-06-21-105805.png_300625-121709-1024x605.png 1024w, https:\/\/museunacionalvive.org.br\/wp-content\/uploads\/2025\/06\/sanitize_captura-de-tela-2025-06-21-105805.png_300625-121709-300x177.png 300w, https:\/\/museunacionalvive.org.br\/wp-content\/uploads\/2025\/06\/sanitize_captura-de-tela-2025-06-21-105805.png_300625-121709-768x454.png 768w, https:\/\/museunacionalvive.org.br\/wp-content\/uploads\/2025\/06\/sanitize_captura-de-tela-2025-06-21-105805.png_300625-121709.png 1443w\" sizes=\"(max-width: 1024px) 100vw, 1024px\" \/><figcaption><em>Photo: Felipe Cohen\/PMNV<\/em><\/figcaption><\/figure>\n\n\n\n<p>In the courtyard of the monumental staircase, the viewing of the sperm whale is the result of a specialized restoration and biological material preparation process that lasted about two months. It involved procedures such as bone consolidation, painting, and even the replacement of some skeletal structures of the cetacean. The assembly and installation of the pieces, which total around three tons, were also part of this effort. The Museum is launching a campaign inviting the public to help name the sperm whale \u2014 the largest of its kind ever exhibited in South America.<\/p>\n\n\n\n<figure class=\"wp-block-image size-large\"><img loading=\"lazy\" width=\"1024\" height=\"710\" src=\"https:\/\/museunacionalvive.org.br\/wp-content\/uploads\/2025\/06\/sanitize_esculturas_entre-gigantes.png_300625-122306-1024x710.png\" alt=\"\" class=\"wp-image-5149\" srcset=\"https:\/\/museunacionalvive.org.br\/wp-content\/uploads\/2025\/06\/sanitize_esculturas_entre-gigantes.png_300625-122306-1024x710.png 1024w, https:\/\/museunacionalvive.org.br\/wp-content\/uploads\/2025\/06\/sanitize_esculturas_entre-gigantes.png_300625-122306-300x208.png 300w, https:\/\/museunacionalvive.org.br\/wp-content\/uploads\/2025\/06\/sanitize_esculturas_entre-gigantes.png_300625-122306-768x532.png 768w, https:\/\/museunacionalvive.org.br\/wp-content\/uploads\/2025\/06\/sanitize_esculturas_entre-gigantes.png_300625-122306.png 1108w\" sizes=\"(max-width: 1024px) 100vw, 1024px\" \/><figcaption><em>Photo: Felipe Cohen\/PMNV<\/em><\/figcaption><\/figure>\n\n\n\n<p>The third and final room is dedicated to the history of the Museum and the reconstruction of the palace, highlighting architectural and restoration aspects, and displaying original items such as two Carrara marble sculptures; both original and replica artistic ornaments; and a series of images documenting the daily work at the construction site.<\/p>\n\n\n\n<p><\/p>\n\n\n\n<h3>VISITOR INFORMATION<\/h3>\n\n\n\n<p>The Museum will be open for visits from Tuesday to Sunday, from July 2 to August 31. Admission is free, and tickets must be reserved in advance through the Sympla platform.<\/p>\n\n\n\n<h3>INSTITUTIONAL PARTNERS REAFFIRM THE IMPORTANCE OF THIS PROGRAM<\/h3>\n\n\n\n<p>The Rector of UFRJ, Roberto Medronho, emphasizes that \u201cthe National Museum is an institution that brings pride to Brazil, and not even the 2018 fire was capable of stopping its scientific research, production, and outreach, as this new experience clearly demonstrates.\u201d<\/p>\n\n\n\n<p>Mari\u00e2ngela Menezes, President of the Association of Friends of the National Museum (SAMN), states that \u201cthe dialogue with the many expressions of our culture and the development of educational initiatives like this one reaffirm the mission of the National Museum, which has been strengthened throughout this reconstruction process marked by collaboration between public and private sector partners.\u201d<\/p>\n\n\n\n<p>According to Marlova Jovchelovitch Noleto, Director and Representative of UNESCO in Brazil, the program \u201creaffirms the role of museums as spaces for education and dialogue. Furthermore, it combines heritage preservation with innovative architectural solutions, offering the public a unique experience that values both scientific knowledge and cultural richness.\u201d<\/p>\n\n\n\n<p>Hugo Barreto, Director of the Vale Cultural Institute, adds: \u201cThe reconstruction of the Museum is one of the largest cultural projects currently underway in the country. Temporary initiatives like this one, even while the building is still under restoration, are a sign of the shared commitment to keeping our most iconic Museum connected to its audience and to returning the institution fully to society as soon as possible.\u201d<\/p>\n","protected":false},"excerpt":{"rendered":"<p>Temporary program highlights collections, artworks, and restoration progress<\/p>\n","protected":false},"author":1,"featured_media":5147,"comment_status":"open","ping_status":"open","sticky":false,"template":"","format":"standard","meta":[],"categories":[45],"tags":[],"acf":[],"_links":{"self":[{"href":"https:\/\/museunacionalvive.org.br\/en\/wp-json\/wp\/v2\/posts\/5190"}],"collection":[{"href":"https:\/\/museunacionalvive.org.br\/en\/wp-json\/wp\/v2\/posts"}],"about":[{"href":"https:\/\/museunacionalvive.org.br\/en\/wp-json\/wp\/v2\/types\/post"}],"author":[{"embeddable":true,"href":"https:\/\/museunacionalvive.org.br\/en\/wp-json\/wp\/v2\/users\/1"}],"replies":[{"embeddable":true,"href":"https:\/\/museunacionalvive.org.br\/en\/wp-json\/wp\/v2\/comments?post=5190"}],"version-history":[{"count":1,"href":"https:\/\/museunacionalvive.org.br\/en\/wp-json\/wp\/v2\/posts\/5190\/revisions"}],"predecessor-version":[{"id":5191,"href":"https:\/\/museunacionalvive.org.br\/en\/wp-json\/wp\/v2\/posts\/5190\/revisions\/5191"}],"wp:featuredmedia":[{"embeddable":true,"href":"https:\/\/museunacionalvive.org.br\/en\/wp-json\/wp\/v2\/media\/5147"}],"wp:attachment":[{"href":"https:\/\/museunacionalvive.org.br\/en\/wp-json\/wp\/v2\/media?parent=5190"}],"wp:term":[{"taxonomy":"category","embeddable":true,"href":"https:\/\/museunacionalvive.org.br\/en\/wp-json\/wp\/v2\/categories?post=5190"},{"taxonomy":"post_tag","embeddable":true,"href":"https:\/\/museunacionalvive.org.br\/en\/wp-json\/wp\/v2\/tags?post=5190"}],"curies":[{"name":"wp","href":"https:\/\/api.w.org\/{rel}","templated":true}]}}